{"id":204024,"date":"2022-09-08T14:36:13","date_gmt":"2022-09-08T17:36:13","guid":{"rendered":"https:\/\/diarioregionaldigital.com.br\/?p=204024"},"modified":"2022-09-08T14:36:13","modified_gmt":"2022-09-08T17:36:13","slug":"jorginho-chega-ao-vasco-dizendo-que-o-alvo-e-o-retorno-a-serie-a","status":"publish","type":"post","link":"https:\/\/diarioregionaldigital.com.br\/?p=204024","title":{"rendered":"Jorginho chega ao Vasco dizendo que o alvo \u00e9 o retorno \u00e0 S\u00e9rie A"},"content":{"rendered":"<p>Afirmando que o grande objetivo do Vasco em 2022 \u00e9 o retorno \u00e0 S\u00e9rie A do Campeonato Brasileiro, o t\u00e9cnico Jorginho foi apresentado oficialmente pelo Cruzmaltino nesta quarta-feira (7) no Centro do Treinamento do Almirante, na Cidade de Deus (Rio de Janeiro).<img decoding=\"async\" src=\"https:\/\/agenciabrasil.ebc.com.br\/ebc.png?id=1481264&amp;o=node\" \/><img decoding=\"async\" src=\"https:\/\/agenciabrasil.ebc.com.br\/ebc.gif?id=1481264&amp;o=node\" \/><\/p>\n<p>\u201cO objetivo hoje \u00e9 o acesso. \u00c9 o objetivo um. A m\u00e9dio e longo prazo, algo que come\u00e7a em novembro, o objetivo \u00e9 tornar o Vasco uma equipe mais competitiva. Em um cen\u00e1rio que ele possa rivalizar com outros clubes diferentes do que rivaliza neste ano. O objetivo \u00e9 construir uma equipe forte. Dentro de estrutura forte. Por isso, vai haver investimento dentro do CT, em profissionais e no elenco\u201d, declarou o treinador, que j\u00e1 comandou a equipe entre 2015 e 2016 e em 2018.<\/p>\n<p>E as duas passagens anteriores pelo Vasco trazem doces lembran\u00e7as a Jorginho, que diz que S\u00e3o Janu\u00e1rio \u00e9 sua casa: \u201c\u00c9 um prazer retornar ao Vasco da Gama. Estou muito honrado de estar de volta, feliz poder novamente estar em casa. Aqui \u00e9 minha casa, joguei dois anos aqui. Fui treinador em 2015, 2016 e 2018\u201d.<\/p>\n<p>Para voltar a viver bons momentos pelo Cruzmaltino, o t\u00e9cnico j\u00e1 come\u00e7ou o trabalho na \u00faltima ter\u00e7a-feira (6), ao lado dos auxiliares Joelton Urtiga e Jo\u00e3o Roberto. A meta \u00e9 preparar a equipe para o jogo do pr\u00f3ximo domingo (11) contra o Gr\u00eamio em Porto Alegre.<\/p>\n<p><span style=\"font-weight: 400;\">Fonte: Ag\u00eancia Brasil <\/span><\/p>\n","protected":false},"excerpt":{"rendered":"<p>Afirmando que o grande objetivo do Vasco em 2022 \u00e9 o retorno \u00e0 S\u00e9rie A do Campeonato Brasileiro, o t\u00e9cnico Jorginho foi apresentado oficialmente pelo Cruzmaltino nesta quarta-feira (7) no Centro do Treinamento do Almirante, na Cidade de Deus (Rio de Janeiro). \u201cO objetivo hoje \u00e9 o acesso. \u00c9 o objetivo um. A m\u00e9dio e [&hellip;]<\/p>\n","protected":false},"author":246,"featured_media":204025,"comment_status":"closed","ping_status":"closed","sticky":false,"template":"","format":"standard","meta":{"footnotes":""},"categories":[436,257,439],"tags":[],"class_list":["post-204024","post","type-post","status-publish","format-standard","has-post-thumbnail","hentry","category-destaque-da-semana","category-esporte","category-ultima-hora"],"_links":{"self":[{"href":"https:\/\/diarioregionaldigital.com.br\/index.php?rest_route=\/wp\/v2\/posts\/204024","targetHints":{"allow":["GET"]}}],"collection":[{"href":"https:\/\/diarioregionaldigital.com.br\/index.php?rest_route=\/wp\/v2\/posts"}],"about":[{"href":"https:\/\/diarioregionaldigital.com.br\/index.php?rest_route=\/wp\/v2\/types\/post"}],"author":[{"embeddable":true,"href":"https:\/\/diarioregionaldigital.com.br\/index.php?rest_route=\/wp\/v2\/users\/246"}],"replies":[{"embeddable":true,"href":"https:\/\/diarioregionaldigital.com.br\/index.php?rest_route=%2Fwp%2Fv2%2Fcomments&post=204024"}],"version-history":[{"count":1,"href":"https:\/\/diarioregionaldigital.com.br\/index.php?rest_route=\/wp\/v2\/posts\/204024\/revisions"}],"predecessor-version":[{"id":204026,"href":"https:\/\/diarioregionaldigital.com.br\/index.php?rest_route=\/wp\/v2\/posts\/204024\/revisions\/204026"}],"wp:featuredmedia":[{"embeddable":true,"href":"https:\/\/diarioregionaldigital.com.br\/index.php?rest_route=\/wp\/v2\/media\/204025"}],"wp:attachment":[{"href":"https:\/\/diarioregionaldigital.com.br\/index.php?rest_route=%2Fwp%2Fv2%2Fmedia&parent=204024"}],"wp:term":[{"taxonomy":"category","embeddable":true,"href":"https:\/\/diarioregionaldigital.com.br\/index.php?rest_route=%2Fwp%2Fv2%2Fcategories&post=204024"},{"taxonomy":"post_tag","embeddable":true,"href":"https:\/\/diarioregionaldigital.com.br\/index.php?rest_route=%2Fwp%2Fv2%2Ftags&post=204024"}],"curies":[{"name":"wp","href":"https:\/\/api.w.org\/{rel}","templated":true}]}}