{"id":204014,"date":"2022-09-08T14:24:54","date_gmt":"2022-09-08T17:24:54","guid":{"rendered":"https:\/\/diarioregionaldigital.com.br\/?p=204014"},"modified":"2022-09-08T14:24:54","modified_gmt":"2022-09-08T17:24:54","slug":"grito-dos-excluidos-pede-comida-e-democracia-na-28a-edicao","status":"publish","type":"post","link":"https:\/\/diarioregionaldigital.com.br\/?p=204014","title":{"rendered":"Grito dos Exclu\u00eddos pede comida e democracia na 28\u00aa edi\u00e7\u00e3o"},"content":{"rendered":"<p>Sob o lema \u201cBrasil: 200 anos de (in)depend\u00eancia. Para quem?\u201d, o Grito dos Exclu\u00eddos promoveu a sua 28\u00aa edi\u00e7\u00e3o com manifesta\u00e7\u00f5es em 51 cidades de 25 estados. Organizado por movimentos populares e urbanos, centrais sindicais e pastorais da Igreja Cat\u00f3lica, o evento teve como reivindica\u00e7\u00f5es trabalho, moradia, terra, comida e democracia.<img decoding=\"async\" src=\"https:\/\/agenciabrasil.ebc.com.br\/ebc.png?id=1481111&amp;o=node\" \/><img decoding=\"async\" src=\"https:\/\/agenciabrasil.ebc.com.br\/ebc.gif?id=1481111&amp;o=node\" \/><\/p>\n<h2>S\u00e3o Paulo<\/h2>\n<p>Sob uma chuva persistente e um frio de 14\u00baC, o Grito dos Exclu\u00eddos ocupou a Pra\u00e7a da S\u00e9 em S\u00e3o Paulo, no centro da capital. O ato come\u00e7ou com uma a\u00e7\u00e3o de solidariedade aos moradores de rua, por volta das 7h, com o oferecimento de um caf\u00e9 da manh\u00e3. \u201c\u00c9 um grito contra a fome. N\u00f3s estamos na luta para que o enfrentamento da fome esteja no centro da pol\u00edtica. O Brasil n\u00e3o pode se conformar com tantas pessoas passando fome\u201d, disse Kelli Mafort, da coordena\u00e7\u00e3o nacional do Movimento dos Trabalhadores Rurais Sem Terra (MST).<\/p>\n<p>Edson Veloso, de 38 anos, est\u00e1 desempregado h\u00e1 dois\u00a0anos e foi um dos que receberam\u00a0o caf\u00e9 da manh\u00e3. Ele pernoita em um abrigo da prefeitura no bairro Liberdade, mas permanece nas ruas durante o dia. \u201cEu trabalhava de servente de pedreiro, tinha o meu cantinho, veio a pandemia e n\u00e3o apareceu mais emprego\u201d, conta. Essa \u00e9 a segunda vez que ele est\u00e1 em situa\u00e7\u00e3o de rua. \u201cPara mim, Dia da Independ\u00eancia \u00e9 um dia qualquer. Amanh\u00e3 vou ter que fazer meu corre de novo\u201d, lamenta.<\/p>\n<h2>Rio de Janeiro<\/h2>\n<p>O Grito dos Exclu\u00eddos reuniu representantes de movimentos sociais, coletivos, sindicatos e pastorais no centro da\u00a0capital fluminense\u00a0neste 7 de setembro. Mesmo sem o desfile militar na Avenida Presidente Vargas, o ato foi mantido no local, com in\u00edcio na altura da Rua Uruguaiana, e seguiu em caminhada at\u00e9 o Cais do Valongo, na regi\u00e3o portu\u00e1ria.<\/p>\n<p>O ato foi encerrado com a leitura da\u00a0<em>Carta dos Exclu\u00eddos,<\/em>\u00a0no local de desembarque de milh\u00f5es de pessoas escravizadas trazidas da \u00c1frica para o Brasil e tombado como Patrim\u00f4nio Hist\u00f3rico da Humanidade, para lembrar que a escravid\u00e3o no pa\u00eds s\u00f3 foi abolida 66 anos ap\u00f3s a Independ\u00eancia.<\/p>\n<p>A cidade amanheceu com uma enorme faixa nos Arcos da Lapa, na qual se lia \u201cIndepend\u00eancia \u00e9 um Brasil sem fome\u201d, assinada pelo Movimento dos Pequenos Agricultores (MPA), Movimento dos Atingidos por Barragem (MBA), Movimento dos Trabalhadores Sem Teto (MTST) e Movimento Unido dos Camel\u00f4s (MUCA). Pela manh\u00e3, o MPA tamb\u00e9m promoveu a Feira Livre Independ\u00eancia \u00e9 o Brasil sem Fome, na Comunidade Morro dos Prazeres, com a doa\u00e7\u00e3o de 5 toneladas de alimentos.<\/p>\n<h2>Hist\u00f3rico<\/h2>\n<p>Realizado desde 1995, o Grito dos Exclu\u00eddos ocorre paralelamente aos desfiles de 7 de Setembro. Todos os anos, o evento re\u00fane pessoas de popula\u00e7\u00f5es vulner\u00e1veis que se consideram socialmente e historicamente exclu\u00eddas. Originalmente promovido pela Igreja Cat\u00f3lica, o Grito re\u00fane, al\u00e9m de movimentos populares, diferentes manifesta\u00e7\u00f5es religiosas.<\/p>\n<p>Os estados que tiveram atos do Grito dos Exclu\u00eddos foram Acre, Alagoas, Amap\u00e1, Bahia, Cear\u00e1, Esp\u00edrito Santo, Goi\u00e1s, Mato Grosso, Mato Grosso do Sul, Maranh\u00e3o, Minas Gerais, Par\u00e1, Para\u00edba, Paran\u00e1, Pernambuco, Piau\u00ed, Rio de Janeiro, Rio Grande do Norte, Rio Grande do Sul, Rond\u00f4nia, Roraima, Santa Catarina, S\u00e3o Paulo, Sergipe e Tocantins.<\/p>\n<p>Em Bras\u00edlia, as manifesta\u00e7\u00f5es foram adiadas para as 15h do pr\u00f3ximo s\u00e1bado (10), com concentra\u00e7\u00e3o em frente ao Museu Nacional. No mesmo hor\u00e1rio, est\u00e1 previsto um novo ato do Grito dos Exclu\u00eddos embaixo do v\u00e3o-livre do Museu de Arte de S\u00e3o Paulo (Masp).<\/p>\n<p><span style=\"font-weight: 400;\"><br \/>\n<\/span><span style=\"font-weight: 400;\">Fonte: Ag\u00eancia Brasil <\/span><\/p>\n","protected":false},"excerpt":{"rendered":"<p>Sob o lema \u201cBrasil: 200 anos de (in)depend\u00eancia. Para quem?\u201d, o Grito dos Exclu\u00eddos promoveu a sua 28\u00aa edi\u00e7\u00e3o com manifesta\u00e7\u00f5es em 51 cidades de 25 estados. Organizado por movimentos populares e urbanos, centrais sindicais e pastorais da Igreja Cat\u00f3lica, o evento teve como reivindica\u00e7\u00f5es trabalho, moradia, terra, comida e democracia. S\u00e3o Paulo Sob uma [&hellip;]<\/p>\n","protected":false},"author":246,"featured_media":204015,"comment_status":"closed","ping_status":"closed","sticky":false,"template":"","format":"standard","meta":{"footnotes":""},"categories":[436,254,439],"tags":[],"class_list":["post-204014","post","type-post","status-publish","format-standard","has-post-thumbnail","hentry","category-destaque-da-semana","category-politica","category-ultima-hora"],"_links":{"self":[{"href":"https:\/\/diarioregionaldigital.com.br\/index.php?rest_route=\/wp\/v2\/posts\/204014","targetHints":{"allow":["GET"]}}],"collection":[{"href":"https:\/\/diarioregionaldigital.com.br\/index.php?rest_route=\/wp\/v2\/posts"}],"about":[{"href":"https:\/\/diarioregionaldigital.com.br\/index.php?rest_route=\/wp\/v2\/types\/post"}],"author":[{"embeddable":true,"href":"https:\/\/diarioregionaldigital.com.br\/index.php?rest_route=\/wp\/v2\/users\/246"}],"replies":[{"embeddable":true,"href":"https:\/\/diarioregionaldigital.com.br\/index.php?rest_route=%2Fwp%2Fv2%2Fcomments&post=204014"}],"version-history":[{"count":2,"href":"https:\/\/diarioregionaldigital.com.br\/index.php?rest_route=\/wp\/v2\/posts\/204014\/revisions"}],"predecessor-version":[{"id":204017,"href":"https:\/\/diarioregionaldigital.com.br\/index.php?rest_route=\/wp\/v2\/posts\/204014\/revisions\/204017"}],"wp:featuredmedia":[{"embeddable":true,"href":"https:\/\/diarioregionaldigital.com.br\/index.php?rest_route=\/wp\/v2\/media\/204015"}],"wp:attachment":[{"href":"https:\/\/diarioregionaldigital.com.br\/index.php?rest_route=%2Fwp%2Fv2%2Fmedia&parent=204014"}],"wp:term":[{"taxonomy":"category","embeddable":true,"href":"https:\/\/diarioregionaldigital.com.br\/index.php?rest_route=%2Fwp%2Fv2%2Fcategories&post=204014"},{"taxonomy":"post_tag","embeddable":true,"href":"https:\/\/diarioregionaldigital.com.br\/index.php?rest_route=%2Fwp%2Fv2%2Ftags&post=204014"}],"curies":[{"name":"wp","href":"https:\/\/api.w.org\/{rel}","templated":true}]}}