{"id":204007,"date":"2022-09-08T14:21:01","date_gmt":"2022-09-08T17:21:01","guid":{"rendered":"https:\/\/diarioregionaldigital.com.br\/?p=204007"},"modified":"2022-09-08T14:21:01","modified_gmt":"2022-09-08T17:21:01","slug":"congresso-sessao-pelo-bicentenario-e-marcada-por-defesa-da-democracia","status":"publish","type":"post","link":"https:\/\/diarioregionaldigital.com.br\/?p=204007","title":{"rendered":"Congresso: sess\u00e3o pelo Bicenten\u00e1rio \u00e9 marcada por defesa da democracia"},"content":{"rendered":"<p>Em uma sess\u00e3o solene conjunta da C\u00e2mara e do Senado, o Congresso Nacional comemorou o Bicenten\u00e1rio da Independ\u00eancia do Brasil, nesta quinta-feira (8). Em seu discurso, o presidente do Congresso, Rodrigo Pacheco (PSD-MG), destacou o caminho do Brasil at\u00e9 a sua independ\u00eancia e ressaltou o papel da Constitui\u00e7\u00e3o Federal de 1988, com a qual, observou, o Brasil deu \u201cuma guinada definitiva no sentido da liberdade e da democracia&#8221;. \u201cSeus fundamentos, fortalecidos por meio do reconhecimento leg\u00edtimo dos brasileiros aos Poderes constitu\u00eddos, serviram e servir\u00e3o para enfrentarmos aleg\u00f3ricos retrocessos antidemocr\u00e1ticos e eventuais ataques ao Estado de Direito e \u00e0 democracia. Isso \u00e9 irrefut\u00e1vel, isso \u00e9 irrevers\u00edvel\u201d, declarou.<img decoding=\"async\" src=\"https:\/\/agenciabrasil.ebc.com.br\/ebc.png?id=1481421&amp;o=node\" \/><img decoding=\"async\" src=\"https:\/\/agenciabrasil.ebc.com.br\/ebc.gif?id=1481421&amp;o=node\" \/><\/p>\n<p>Tamb\u00e9m presente \u00e0 sess\u00e3o, o presidente da C\u00e2mara, Arthur Lira (PP-AL), lembrou que este ano do Bicenten\u00e1rio da Independ\u00eancia brasileira coincide com o ano de elei\u00e7\u00f5es presidenciais e de elei\u00e7\u00f5es legislativas federais, distrital e estaduais. Nesse sentido falou do fortalecimento da democracia por meio do voto consciente. \u201c[\u00c9] a chance de os cidad\u00e3os brasileiros, por meio do seu voto consciente, fortalecerem nossa democracia e este Parlamento de modo que ele continue a exercer a importante tarefa de acolher diferentes aspira\u00e7\u00f5es e transform\u00e1-las em balizas coletivas\u201d, disse.<\/p>\n<h2>Outras autoridades<\/h2>\n<p>O presidente do Supremo Tribunal Federal (STF), Luiz Fux, o presidente do Tribunal Superior Eleitoral (TSE), Alexandre de Moraes, o procurador-geral da Rep\u00fablica, Augusto Aras, al\u00e9m de parlamentares e representantes de delega\u00e7\u00f5es de v\u00e1rios pa\u00edses, entre as quais o presidente de Portugal, Marcelo Rebelo tamb\u00e9m participaram da sess\u00e3o.<\/p>\n<p>O evento constava na agenda do presidente Jair Bolsonaro, mas ele n\u00e3o compareceu nem informou o motivo da aus\u00eancia. Entre os ex-presidentes da Rep\u00fablica, Jos\u00e9 Sarney e Michel Temer compareceram. J\u00e1 Fernando Collor de Melo, Luiz In\u00e1cio Lula da Silva e Dilma Rousseff justificaram suas aus\u00eancias e enviaram mensagens pela data.<\/p>\n<p>Ontem (7), em meio \u00e0s comemora\u00e7\u00f5es do Bicenten\u00e1rio, os presidentes da C\u00e2mara e do Senado se manifestaram nas redes sociais sobre o assunto. Ambos n\u00e3o estiveram presentes no desfile c\u00edvico realizado na Esplanada dos Minist\u00e9rios.<\/p>\n<p>Pelo Twitter, Arthur Lira destacou o hist\u00f3rico da data. \u201cH\u00e1 200 anos, come\u00e7ava a nascer o Brasil de hoje, com um futuro de desafios, decis\u00f5es dif\u00edceis, mas necess\u00e1rias e grandes conquistas a alcan\u00e7ar. O 7 de Setembro de 200 anos atr\u00e1s continua ecoando nas a\u00e7\u00f5es e nos compromissos de todos! O Brasil independente \u00e9 sempre o que olha para frente\u201d, afirmou.<\/p>\n<p>Pacheco tamb\u00e9m ressaltou as comemora\u00e7\u00f5es de 7 de Setembro. \u201cAs comemora\u00e7\u00f5es deste 7 de setembro, que marca os 200 anos da Independ\u00eancia do Brasil, precisam ser pac\u00edficas, respeitosas e celebrar o amor \u00e0 p\u00e1tria, \u00e0 democracia e ao Estado de Direito\u201d, escreveu.<\/p>\n<p>O presidente do Tribunal Superior Eleitoral (TSE), ministro Alexandre de Moraes, tamb\u00e9m deu declara\u00e7\u00f5es sobre o 7 de Setembro.<\/p>\n<p>\u201cO Bicenten\u00e1rio de nossa independ\u00eancia merece ser comemorado com muito orgulho e honra por todos os brasileiros e brasileiras, pois h\u00e1 200 anos demos in\u00edcio \u00e0 constru\u00e7\u00e3o de um Brasil livre e \u00e0 hist\u00f3rica marcha pela concretiza\u00e7\u00e3o de nosso Estado Democr\u00e1tico de Direito\u201d, declarou.<\/p>\n<h2>Discurso<\/h2>\n<p>O presidente Jair Bolsonaro, candidato \u00e0 reelei\u00e7\u00e3o, participou ontem das comemora\u00e7\u00f5es do Bicenten\u00e1rio da Independ\u00eancia, em Bras\u00edlia e no Rio de Janeiro. Na capital federal, ele assistiu ao desfile c\u00edvico-militar na Esplanada dos Minist\u00e9rios. Em seguida, discursou para apoiadores no alto de um trio el\u00e9trico instalado na Esplanada.<\/p>\n<p>Ele destacou o desempenho da economia brasileira ap\u00f3s a pandemia e disse que o Brasil conseguiu criar empregos e segurar a infla\u00e7\u00e3o nos \u00faltimos meses. \u201cQuando parecia que tudo estava perdido para o mundo, eis que o Brasil ressurge, com uma economia pujante. Com uma das gasolinas mais baratas do mundo. Com um dos programas sociais mais abrangentes do mundo, que \u00e9 o Aux\u00edlio Brasil. Com recorde na cria\u00e7\u00e3o de empregos. Com infla\u00e7\u00e3o despencando\u201d, disse.<\/p>\n<p>Ao lado da primeira-dama Michelle Bolsonaro e do empres\u00e1rio Luciano Hang, o presidente ressaltou que \u00e9 obriga\u00e7\u00e3o de toda a popula\u00e7\u00e3o atuar conforme a Constitui\u00e7\u00e3o. \u201c\u00c9 obriga\u00e7\u00e3o de todos jogarem dentro das quatro linhas da nossa Constitui\u00e7\u00e3o. Com uma reelei\u00e7\u00e3o, traremos para dentro dessas quatro linhas todos aqueles que ousam ficar fora dela. Tenho certeza, nesta Esplanada. Aqui \u00e9 a origem das leis que mudam nosso pa\u00eds\u201d, declarou.<\/p>\n<p>O presidente pediu que os eleitores compare\u00e7am \u00e0s urnas no dia 2 de outubro. \u201cA vontade do povo se far\u00e1 presente no pr\u00f3ximo dia 2 de outubro. Vamos todos votar. Vamos convencer aqueles que pensam diferente de n\u00f3s. Vamos convenc\u00ea-los do que \u00e9 melhor para o nosso Brasil.\u201d<\/p>\n<p>Bolsonaro, que levou uma facada no abd\u00f4men no dia 6 de setembro de 2018, durante a campanha \u00e0 Presid\u00eancia da Rep\u00fablica, em Juiz de Fora (MG), tamb\u00e9m agradeceu a sua \u201csegunda vida\u201d. \u201cObrigado, meu Deus, pela minha miss\u00e3o. Imbrox\u00e1vel, imbrox\u00e1vel, imbrox\u00e1vel, imbrox\u00e1vel. Obrigado pela minha segunda vida, pela miss\u00e3o que me deste, pelas m\u00e3os de 58 milh\u00f5es de pessoas, para estar \u00e0 frente do Executivo Federal.\u201d<\/p>\n<h2>Repercuss\u00e3o<\/h2>\n<p>Nesta quinta-feira, o PDT ingressou com a\u00e7\u00e3o na Justi\u00e7a Eleitoral pedindo a inelegibilidade do presidente Jair Bolsonaro e de seu candidato a vice-presidente, general Braga Netto, por abuso de poder e desvio de finalidade. De acordo com a a\u00e7\u00e3o, o candidato \u00e0 reelei\u00e7\u00e3o usou o cargo para promover sua candidatura.<\/p>\n<p>Por meio das redes sociais, Ciro Gomes, candidato pelo PDT \u00e0 Presid\u00eancia, definiu como \u201cagress\u00e3o diplom\u00e1tica\u201d a presen\u00e7a do empres\u00e1rio Luciano Hang, que esteve ao lado do presidente, em vez do presidente de Portugal, Marcelo Rebelo, que est\u00e1 em visita oficial ao pa\u00eds. \u201cTransformar uma solenidade c\u00edvico-militar num com\u00edcio, com milh\u00f5es de recursos p\u00fablicos envolvidos. Olha, n\u00e3o existem mais lei no Brasil. N\u00f3s vamos representar [no Tribunal Superior Eleitoral]\u201d.<\/p>\n<p>O MDB, partido da candidata Simone Tebet, tamb\u00e9m ingressou com uma a\u00e7\u00e3o no TSE contra o candidato Jair Bolsonaro e seu partido, \u201cpor uso da m\u00e1quina e discurso pol\u00edtico nos atos p\u00fablicos do Dia da Independ\u00eancia do Brasil\u201d.<\/p>\n<p>Outra a\u00e7\u00e3o no mesmos sentido foi protocolada pelo pelo Uni\u00e3o Brasil, partido da candidata Soraya Thronicke. \u201cN\u00e3o podemos admitir que sequestrem os nossos s\u00edmbolos, e nossa esperan\u00e7a. Nem que fa\u00e7am do Dia da Independ\u00eancia uma data eleitoreira. A bandeira \u00e9 nossa!\u201d, disse a presidenci\u00e1vel no Twitter.<\/p>\n<p>Candidato pelo PT, Luiz In\u00e1cio Lula da Silva disse que o dia da Independ\u00eancia foi usado para fazer \u201cpol\u00edtica eleitoral\u201d. \u201cO presidente da Rep\u00fablica utilizou o momento maior, que \u00e9 os 200 anos da nossa Independ\u00eancia, para fazer campanha pol\u00edtica.\u201d<\/p>\n<p><span style=\"font-weight: 400;\">Fonte: Ag\u00eancia Brasil <\/span><\/p>\n","protected":false},"excerpt":{"rendered":"<p>Em uma sess\u00e3o solene conjunta da C\u00e2mara e do Senado, o Congresso Nacional comemorou o Bicenten\u00e1rio da Independ\u00eancia do Brasil, nesta quinta-feira (8). Em seu discurso, o presidente do Congresso, Rodrigo Pacheco (PSD-MG), destacou o caminho do Brasil at\u00e9 a sua independ\u00eancia e ressaltou o papel da Constitui\u00e7\u00e3o Federal de 1988, com a qual, observou, [&hellip;]<\/p>\n","protected":false},"author":246,"featured_media":204008,"comment_status":"closed","ping_status":"closed","sticky":false,"template":"","format":"standard","meta":{"footnotes":""},"categories":[436,440,254,439],"tags":[],"class_list":["post-204007","post","type-post","status-publish","format-standard","has-post-thumbnail","hentry","category-destaque-da-semana","category-destaques-do-dia","category-politica","category-ultima-hora"],"_links":{"self":[{"href":"https:\/\/diarioregionaldigital.com.br\/index.php?rest_route=\/wp\/v2\/posts\/204007","targetHints":{"allow":["GET"]}}],"collection":[{"href":"https:\/\/diarioregionaldigital.com.br\/index.php?rest_route=\/wp\/v2\/posts"}],"about":[{"href":"https:\/\/diarioregionaldigital.com.br\/index.php?rest_route=\/wp\/v2\/types\/post"}],"author":[{"embeddable":true,"href":"https:\/\/diarioregionaldigital.com.br\/index.php?rest_route=\/wp\/v2\/users\/246"}],"replies":[{"embeddable":true,"href":"https:\/\/diarioregionaldigital.com.br\/index.php?rest_route=%2Fwp%2Fv2%2Fcomments&post=204007"}],"version-history":[{"count":2,"href":"https:\/\/diarioregionaldigital.com.br\/index.php?rest_route=\/wp\/v2\/posts\/204007\/revisions"}],"predecessor-version":[{"id":204010,"href":"https:\/\/diarioregionaldigital.com.br\/index.php?rest_route=\/wp\/v2\/posts\/204007\/revisions\/204010"}],"wp:featuredmedia":[{"embeddable":true,"href":"https:\/\/diarioregionaldigital.com.br\/index.php?rest_route=\/wp\/v2\/media\/204008"}],"wp:attachment":[{"href":"https:\/\/diarioregionaldigital.com.br\/index.php?rest_route=%2Fwp%2Fv2%2Fmedia&parent=204007"}],"wp:term":[{"taxonomy":"category","embeddable":true,"href":"https:\/\/diarioregionaldigital.com.br\/index.php?rest_route=%2Fwp%2Fv2%2Fcategories&post=204007"},{"taxonomy":"post_tag","embeddable":true,"href":"https:\/\/diarioregionaldigital.com.br\/index.php?rest_route=%2Fwp%2Fv2%2Ftags&post=204007"}],"curies":[{"name":"wp","href":"https:\/\/api.w.org\/{rel}","templated":true}]}}