{"id":204000,"date":"2022-09-08T14:15:23","date_gmt":"2022-09-08T17:15:23","guid":{"rendered":"https:\/\/diarioregionaldigital.com.br\/?p=204000"},"modified":"2022-09-08T14:15:23","modified_gmt":"2022-09-08T17:15:23","slug":"conab-preve-safra-de-graos-superior-a-271-milhoes-de-toneladas","status":"publish","type":"post","link":"https:\/\/diarioregionaldigital.com.br\/?p=204000","title":{"rendered":"Conab prev\u00ea safra de gr\u00e3os superior a 271 milh\u00f5es de toneladas"},"content":{"rendered":"<p>Os agricultores brasileiros devem colher em torno de 271,2 milh\u00f5es de toneladas de gr\u00e3os na safra 2021\/2022. A estimativa \u00e9 dos t\u00e9cnicos da\u00a0Companhia Nacional de Abastecimento (Conab) e, se atingida, representar\u00e1\u00a0um\u00a0acr\u00e9scimo de\u00a0quase\u00a014,5 milh\u00f5es de toneladas\u00a0em compara\u00e7\u00e3o com o ciclo anterior.<img decoding=\"async\" src=\"https:\/\/agenciabrasil.ebc.com.br\/ebc.png?id=1481383&amp;o=node\" \/><img decoding=\"async\" src=\"https:\/\/agenciabrasil.ebc.com.br\/ebc.gif?id=1481383&amp;o=node\" \/><\/p>\n<p>Apesar da expectativa positiva, a produtividade do principal gr\u00e3o cultivado no pa\u00eds, a soja, foi prejudicada por condi\u00e7\u00f5es clim\u00e1ticas desfavor\u00e1veis registradas em importantes regi\u00f5es de plantio, como os estados do\u00a0Paran\u00e1, Santa Catarina e em parte do Mato Grosso do Sul.\u00a0Al\u00e9m disso, no Rio Grande do Sul, a estiagem derrubou \u00e0 metade a produ\u00e7\u00e3o da leguminosa.<\/p>\n<p>Diante dos preju\u00edzos registrados nessas e em outras unidades, os t\u00e9cnicos da Conab calculam que os sojicultores colher\u00e3o cerca de 125,6 milh\u00f5es de toneladas do gr\u00e3o \u2013 uma redu\u00e7\u00e3o de cerca de 10% em rela\u00e7\u00e3o \u00e0 safra 2020\/2021.\u00a0Com isso, o\u00a0estoque de passagem da safra 2020\/21 passou para 8,85 milh\u00f5es de toneladas\u00a0e a\u00a0proje\u00e7\u00e3o de exporta\u00e7\u00e3o\u00a0para\u00a077,19 milh\u00f5es de toneladas, das quais\u00a066,6 milh\u00f5es de toneladas\u00a0j\u00e1 foram exportadas entre janeiro e agosto deste ano.<\/p>\n<p>As estimativas constam do\u00a012\u00ba Levantamento da Safra de Gr\u00e3os,\u00a0que a\u00a0Conab\u00a0divulgou\u00a0hoje\u00a0(8).\u00a0Os respons\u00e1veis pelo estudo calculam que a produ\u00e7\u00e3o total de milho cres\u00e7a 30% em rela\u00e7\u00e3o ao resultado anterior, atingindo cerca de\u00a0113,2 milh\u00f5es de toneladas.\u00a0Gra\u00e7as, principalmente, \u00e0 retomada da produtividade na\u00a0segunda\u00a0safra, que deve responder por\u00a0algo\u00a0em torno de 86,1 milh\u00f5es de toneladas do total previsto.<\/p>\n<p>Alta tamb\u00e9m para o estoque de passagem para o trigo em 2023, influenciado pela maior produ\u00e7\u00e3o esperada para o cereal.\u00a0A\u00a0previs\u00e3o \u00e9 que o estoque finalize em 1,6 milh\u00e3o de toneladas para a safra com ano comercial\u00a0de agosto\u00a0de 2022 a julho de 2023. No caso do milho, a queda na produtividade de importantes regi\u00f5es produtoras na\u00a0segunda\u00a0safra, reduziu o volume esperado para o consumo e exporta\u00e7\u00e3o do cereal, agora estimados em 76,5 milh\u00f5es de toneladas e 37 milh\u00f5es de toneladas respectivamente. Mesmo com essas quedas, a proje\u00e7\u00e3o para o estoque final tamb\u00e9m foi ligeiramente diminu\u00edda, saindo de 9,7 milh\u00f5es de toneladas para 9,4 milh\u00f5es de toneladas.<\/p>\n<p>Se por um lado\u00a0a falta de chuva afetou parcialmente a efici\u00eancia das lavouras de algod\u00e3o, agora favorece a colheita, prevista para\u00a0ser encerrada\u00a0em setembro, com a poss\u00edvel marca de 2,55 milh\u00f5es de toneladas. Al\u00e9m disso, as condi\u00e7\u00f5es clim\u00e1ticas tamb\u00e9m conferiram uma \u201cmuito boa\u201d qualidade \u00e0 pluma\u00a0do algod\u00e3o colhido. Em fun\u00e7\u00e3o do resultado, a Conab ajustou o volume do produto a ser exportado, estimando que as vendas externas n\u00e3o devem ultrapassar 1,9 milh\u00e3o de toneladas.<\/p>\n<p>No levantamento, tamb\u00e9m s\u00e3o destacados, positivamente,\u00a0o\u00a0plantio de\u00a0sorgo,\u00a0e, negativamente, o de feij\u00e3o. O primeiro,\u00a0impulsionado pelos pre\u00e7os do milho, registra uma produ\u00e7\u00e3o recorde de 2,85 milh\u00f5es de toneladas,\u00a0um\u00a0crescimento de 36,9% em rela\u00e7\u00e3o \u00e0 safra passada.\u00a0J\u00e1 os produtores de feij\u00e3o\u00a0enfrentaram problemas clim\u00e1ticos em todas as\u00a0tr\u00eas\u00a0safras da leguminosa,\u00a0cuja produ\u00e7\u00e3o s\u00f3 deve atingir 3 milh\u00f5es de toneladas, o que \u00e9 suficiente para suprir apenas a demanda interna nacional.<\/p>\n<p>J\u00e1 no caso do arroz, os t\u00e9cnicos da Conab estimam que ser\u00e3o colhidos cerca de 10,8 milh\u00f5es de toneladas, o que representa uma diminui\u00e7\u00e3o em rela\u00e7\u00e3o a 2020\/21 e tamb\u00e9m suficiente para abastecer o mercado interno. Segundo o estudo, isso se deve \u00e0 menor destina\u00e7\u00e3o de \u00e1rea para o plantio, bem como pela redu\u00e7\u00e3o na produtividade m\u00e9dia nacional.<\/p>\n<p>Ao mesmo tempo, os t\u00e9cnicos preveem um consumo menor do arroz quando comparado com o levantamento divulgado em agosto. Com isso, estimam que os estoques de passagem estar\u00e3o em n\u00edveis \u201cmais confort\u00e1veis\u201d, com previs\u00e3o de que fechem o ano em 2,36 milh\u00f5es de toneladas. Al\u00e9m disso, reviram as previs\u00f5es quanto aos volumes do produto a ser exportado e importado.<\/p>\n<p>A nova previs\u00e3o \u00e9 que o Brasil exporte 1,4 milh\u00e3o de toneladas e importe 1 milh\u00e3o de toneladas de arroz em 2022, sendo a motiva\u00e7\u00e3o dos ajustes o acompanhamento da evolu\u00e7\u00e3o das exporta\u00e7\u00f5es at\u00e9 o momento.<\/p>\n<p><span style=\"font-weight: 400;\">Fonte: Ag\u00eancia Brasil <\/span><\/p>\n","protected":false},"excerpt":{"rendered":"<p>Os agricultores brasileiros devem colher em torno de 271,2 milh\u00f5es de toneladas de gr\u00e3os na safra 2021\/2022. A estimativa \u00e9 dos t\u00e9cnicos da\u00a0Companhia Nacional de Abastecimento (Conab) e, se atingida, representar\u00e1\u00a0um\u00a0acr\u00e9scimo de\u00a0quase\u00a014,5 milh\u00f5es de toneladas\u00a0em compara\u00e7\u00e3o com o ciclo anterior. Apesar da expectativa positiva, a produtividade do principal gr\u00e3o cultivado no pa\u00eds, a soja, foi [&hellip;]<\/p>\n","protected":false},"author":246,"featured_media":204002,"comment_status":"closed","ping_status":"closed","sticky":false,"template":"","format":"standard","meta":{"footnotes":""},"categories":[436,261,439],"tags":[],"class_list":["post-204000","post","type-post","status-publish","format-standard","has-post-thumbnail","hentry","category-destaque-da-semana","category-economia","category-ultima-hora"],"_links":{"self":[{"href":"https:\/\/diarioregionaldigital.com.br\/index.php?rest_route=\/wp\/v2\/posts\/204000","targetHints":{"allow":["GET"]}}],"collection":[{"href":"https:\/\/diarioregionaldigital.com.br\/index.php?rest_route=\/wp\/v2\/posts"}],"about":[{"href":"https:\/\/diarioregionaldigital.com.br\/index.php?rest_route=\/wp\/v2\/types\/post"}],"author":[{"embeddable":true,"href":"https:\/\/diarioregionaldigital.com.br\/index.php?rest_route=\/wp\/v2\/users\/246"}],"replies":[{"embeddable":true,"href":"https:\/\/diarioregionaldigital.com.br\/index.php?rest_route=%2Fwp%2Fv2%2Fcomments&post=204000"}],"version-history":[{"count":1,"href":"https:\/\/diarioregionaldigital.com.br\/index.php?rest_route=\/wp\/v2\/posts\/204000\/revisions"}],"predecessor-version":[{"id":204003,"href":"https:\/\/diarioregionaldigital.com.br\/index.php?rest_route=\/wp\/v2\/posts\/204000\/revisions\/204003"}],"wp:featuredmedia":[{"embeddable":true,"href":"https:\/\/diarioregionaldigital.com.br\/index.php?rest_route=\/wp\/v2\/media\/204002"}],"wp:attachment":[{"href":"https:\/\/diarioregionaldigital.com.br\/index.php?rest_route=%2Fwp%2Fv2%2Fmedia&parent=204000"}],"wp:term":[{"taxonomy":"category","embeddable":true,"href":"https:\/\/diarioregionaldigital.com.br\/index.php?rest_route=%2Fwp%2Fv2%2Fcategories&post=204000"},{"taxonomy":"post_tag","embeddable":true,"href":"https:\/\/diarioregionaldigital.com.br\/index.php?rest_route=%2Fwp%2Fv2%2Ftags&post=204000"}],"curies":[{"name":"wp","href":"https:\/\/api.w.org\/{rel}","templated":true}]}}