{"id":203994,"date":"2022-09-08T14:12:25","date_gmt":"2022-09-08T17:12:25","guid":{"rendered":"https:\/\/diarioregionaldigital.com.br\/?p=203994"},"modified":"2022-09-08T14:12:25","modified_gmt":"2022-09-08T17:12:25","slug":"valor-da-cesta-basica-cai-em-agosto-em-16-capitais-diz-dieese","status":"publish","type":"post","link":"https:\/\/diarioregionaldigital.com.br\/?p=203994","title":{"rendered":"Valor da cesta b\u00e1sica cai em agosto em 16 capitais, diz Dieese"},"content":{"rendered":"<p>O valor da cesta b\u00e1sica caiu em agosto em 16 das 17 capitais analisadas pela Pesquisa Nacional da Cesta B\u00e1sica de Alimentos, calculada mensalmente pelo Departamento Intersindical de Estat\u00edstica e Estudos Socioecon\u00f4micos (Dieese). Bel\u00e9m foi a \u00fanica capital onde o pre\u00e7o da cesta subiu (0,27%).<img decoding=\"async\" src=\"https:\/\/agenciabrasil.ebc.com.br\/ebc.png?id=1481061&amp;o=node\" \/><img decoding=\"async\" src=\"https:\/\/agenciabrasil.ebc.com.br\/ebc.gif?id=1481061&amp;o=node\" \/><\/p>\n<p>A queda mais expressiva no valor da cesta b\u00e1sica ocorreu no Recife (-3%), seguida por Fortaleza (-2,26%), Belo Horizonte (-2,13%) e Bras\u00edlia (-2,08%).<\/p>\n<p>Em agosto, a cesta mais cara do pa\u00eds era a de S\u00e3o Paulo, onde o custo m\u00e9dio dos alimentos b\u00e1sicos foi estimado em R$ 749,78. Na sequ\u00eancia, estavam as cestas de Porto Alegre (R$ 748,06), Florian\u00f3polis (R$ 746,21) e Rio de Janeiro (R$ 717,82). A cesta mais barata foi a de Aracaju, onde o pre\u00e7o m\u00e9dio encontrado foi de R$ 539,57.<\/p>\n<p>Na compara\u00e7\u00e3o anual, entre agosto de 2022 e o mesmo m\u00eas de 2021, houve alta de pre\u00e7o em todas as capitais pesquisadas. A maior varia\u00e7\u00e3o foi encontrada no Recife (21,71%) e a menor, em Porto Alegre (12,55%).<\/p>\n<p>Com base na cesta mais cara do pa\u00eds, a de S\u00e3o Paulo, o Dieese calculou que o sal\u00e1rio m\u00ednimo ideal, necess\u00e1rio para suprir as despesas de um trabalhador e sua fam\u00edlia com alimenta\u00e7\u00e3o, moradia, sa\u00fade, educa\u00e7\u00e3o, vestu\u00e1rio, higiene, transporte, lazer e previd\u00eancia, seria de R$ 6.298,91 no m\u00eas de agosto, um valor 5,2 vezes superior ao do sal\u00e1rio m\u00ednimo vigente atualmente no pa\u00eds, de R$ 1.212.<\/p>\n<p><span style=\"font-weight: 400;\"><br \/>\n<\/span><span style=\"font-weight: 400;\">Fonte: Ag\u00eancia Brasil <\/span><\/p>\n","protected":false},"excerpt":{"rendered":"<p>O valor da cesta b\u00e1sica caiu em agosto em 16 das 17 capitais analisadas pela Pesquisa Nacional da Cesta B\u00e1sica de Alimentos, calculada mensalmente pelo Departamento Intersindical de Estat\u00edstica e Estudos Socioecon\u00f4micos (Dieese). Bel\u00e9m foi a \u00fanica capital onde o pre\u00e7o da cesta subiu (0,27%). A queda mais expressiva no valor da cesta b\u00e1sica ocorreu [&hellip;]<\/p>\n","protected":false},"author":246,"featured_media":203995,"comment_status":"closed","ping_status":"closed","sticky":false,"template":"","format":"standard","meta":{"footnotes":""},"categories":[436,440,261,439],"tags":[],"class_list":["post-203994","post","type-post","status-publish","format-standard","has-post-thumbnail","hentry","category-destaque-da-semana","category-destaques-do-dia","category-economia","category-ultima-hora"],"_links":{"self":[{"href":"https:\/\/diarioregionaldigital.com.br\/index.php?rest_route=\/wp\/v2\/posts\/203994","targetHints":{"allow":["GET"]}}],"collection":[{"href":"https:\/\/diarioregionaldigital.com.br\/index.php?rest_route=\/wp\/v2\/posts"}],"about":[{"href":"https:\/\/diarioregionaldigital.com.br\/index.php?rest_route=\/wp\/v2\/types\/post"}],"author":[{"embeddable":true,"href":"https:\/\/diarioregionaldigital.com.br\/index.php?rest_route=\/wp\/v2\/users\/246"}],"replies":[{"embeddable":true,"href":"https:\/\/diarioregionaldigital.com.br\/index.php?rest_route=%2Fwp%2Fv2%2Fcomments&post=203994"}],"version-history":[{"count":1,"href":"https:\/\/diarioregionaldigital.com.br\/index.php?rest_route=\/wp\/v2\/posts\/203994\/revisions"}],"predecessor-version":[{"id":203996,"href":"https:\/\/diarioregionaldigital.com.br\/index.php?rest_route=\/wp\/v2\/posts\/203994\/revisions\/203996"}],"wp:featuredmedia":[{"embeddable":true,"href":"https:\/\/diarioregionaldigital.com.br\/index.php?rest_route=\/wp\/v2\/media\/203995"}],"wp:attachment":[{"href":"https:\/\/diarioregionaldigital.com.br\/index.php?rest_route=%2Fwp%2Fv2%2Fmedia&parent=203994"}],"wp:term":[{"taxonomy":"category","embeddable":true,"href":"https:\/\/diarioregionaldigital.com.br\/index.php?rest_route=%2Fwp%2Fv2%2Fcategories&post=203994"},{"taxonomy":"post_tag","embeddable":true,"href":"https:\/\/diarioregionaldigital.com.br\/index.php?rest_route=%2Fwp%2Fv2%2Ftags&post=203994"}],"curies":[{"name":"wp","href":"https:\/\/api.w.org\/{rel}","templated":true}]}}