{"id":203986,"date":"2022-09-06T20:08:21","date_gmt":"2022-09-06T23:08:21","guid":{"rendered":"https:\/\/diarioregionaldigital.com.br\/?p=203986"},"modified":"2022-09-06T20:08:21","modified_gmt":"2022-09-06T23:08:21","slug":"pjf-lanca-revista-de-passatempo-produzida-em-parceria-com-agentes-de-reciclagem","status":"publish","type":"post","link":"https:\/\/diarioregionaldigital.com.br\/?p=203986","title":{"rendered":"PJF lan\u00e7a revista de passatempo produzida em parceria com agentes de reciclagem"},"content":{"rendered":"<p>Segundo informa\u00e7\u00f5es do site da Prefeitura de Juiz de Fora (PJF), foi iniciado pela PJF a distribui\u00e7\u00e3o de revistas de passatempos \u201cCoquetel\u201d sobre preserva\u00e7\u00e3o ambiental. Nesta ter\u00e7a-feira, 6, a prefeita de Juiz de Fora, Margarida Salom\u00e3o, entregou os materiais aos representantes das associa\u00e7\u00f5es de catadores de materiais recicl\u00e1veis que contribu\u00edram para a elabora\u00e7\u00e3o do conte\u00fado. As revistas, produzidas pela PJF atrav\u00e9s da Secretaria de Comunica\u00e7\u00e3o (Secom), possuem car\u00e1ter educativo e integram a pol\u00edtica de valoriza\u00e7\u00e3o dos agentes ambientais de reciclagem implantada na atual gest\u00e3o.<\/p>\n<p>A prefeita destacou a import\u00e2ncia do material para a educa\u00e7\u00e3o das crian\u00e7as da cidade, al\u00e9m de ser um importante meio para conscientizar tamb\u00e9m os adultos. A chefe do executivo agradeceu a iniciativa da Secom e, ao falar com os agentes de reciclagem, relembrou a necessidade de educar sobre o meio ambiente na atualidade. \u201cA nossa percep\u00e7\u00e3o \u00e9 que voc\u00eas fazem um trabalho de muita relev\u00e2ncia para a cidade. S\u00e3o agentes de sa\u00fade e tamb\u00e9m desempenham uma atividade que tem um potencial economicamente muito grande para que voc\u00eas se tornem independentes e possam viver a vida da melhor maneira poss\u00edvel. Ent\u00e3o eu quero cumprimentar voc\u00eas. As crian\u00e7as v\u00e3o aproveitar muito esse material\u201d, afirma.<\/p>\n<p>Margarida agradeceu tamb\u00e9m aos outros envolvidos no projeto: o secret\u00e1rio de Comunica\u00e7\u00e3o Social, M\u00e1rcio Guerra; a secret\u00e1ria de governo, Cidinha Louzada; o secret\u00e1rio Especial de Direitos Humanos, Biel Rocha; e a diretora geral do Departamento Municipal de Limpeza Urbana (Demlurb), Ana Lu\u00edsa Guimar\u00e3es.<\/p>\n<p>A PJF investe na pol\u00edtica de valoriza\u00e7\u00e3o da categoria, encarando-os como agentes ambientais. Semanalmente, a Secretaria de Governo (SG) recebe representantes de todas as associa\u00e7\u00f5es de catadores de materiais recicl\u00e1veis para dialogar sobre as pol\u00edticas p\u00fablicas do munic\u00edpio e planejar melhorias nas condi\u00e7\u00f5es de trabalho. A secret\u00e1ria de governo, Cidinha Louzada, destaca a import\u00e2ncia desse trabalho. \u201cEntendemos que o papel dos agentes ambientais de reciclagem \u00e9 fundamental para o avan\u00e7o do munic\u00edpio e fazemos quest\u00e3o de promover a valoriza\u00e7\u00e3o dos profissionais. Sabemos tamb\u00e9m que o conhecimento que eles possuem deve ser compartilhado. Por isso, a revista de passatempos ser\u00e1 um instrumento de multiplicar a conscientiza\u00e7\u00e3o sobre a import\u00e2ncia da reciclagem\u201d, afirma. Cidinha tamb\u00e9m destacou o carinho com o qual foram feitas as revistas, agradecendo, especialmente, ao chargista da PJF, Andr\u00e9 Ribeiro.<\/p>\n<p>Os personagens que acompanham os passatempos na revista s\u00e3o charges que retratam representantes da Associa\u00e7\u00e3o Lixo Certo (Alicer), da Associa\u00e7\u00e3o dos Catadores de Pap\u00e9is e Res\u00edduos S\u00f3lidos de Juiz de Fora (Apares), da Associa\u00e7\u00e3o Municipal de Catadores de Papel e Materiais Reaproveit\u00e1veis de Juiz de Fora (Ascajuf), da Associa\u00e7\u00e3o Deus \u00e9 Maior (Adem) e da Associa\u00e7\u00e3o Coleta Seletiva \u2013 JF. As revistas, como lembra o secret\u00e1rio especial de Direitos Humanos, Biel Rocha, foram feitas em contato direto com os catadores, que deram retorno sobre os materiais.<\/p>\n<p>O presidente da Associa\u00e7\u00e3o Lixo Certo (Alicer), Jos\u00e9 Rubens Rodrigues da Rocha \u201cOl\u00e1\u201d, ressalta a import\u00e2ncia do material produzido. \u201cN\u00f3s j\u00e1 trabalhamos com palestras nos col\u00e9gios e, agora, com as revistas, vai ser muito mais f\u00e1cil explicar para a garotada a import\u00e2ncia da reciclagem e de fortalecer a nossa luta por uma cidade verde. A conscientiza\u00e7\u00e3o vai entrar no cora\u00e7\u00e3o das crian\u00e7as atrav\u00e9s desses personagens da vida real\u201d, afirma. Al\u00e9m da distribui\u00e7\u00e3o nas escolas, o material tamb\u00e9m ser\u00e1 disponibilizado nas edi\u00e7\u00f5es do \u201cRua de Brincar\u201d, projeto do Programa Boniteza.<\/p>\n","protected":false},"excerpt":{"rendered":"<p>Segundo informa\u00e7\u00f5es do site da Prefeitura de Juiz de Fora (PJF), foi iniciado pela PJF a distribui\u00e7\u00e3o de revistas de passatempos \u201cCoquetel\u201d sobre preserva\u00e7\u00e3o ambiental. Nesta ter\u00e7a-feira, 6, a prefeita de Juiz de Fora, Margarida Salom\u00e3o, entregou os materiais aos representantes das associa\u00e7\u00f5es de catadores de materiais recicl\u00e1veis que contribu\u00edram para a elabora\u00e7\u00e3o do conte\u00fado. [&hellip;]<\/p>\n","protected":false},"author":246,"featured_media":203987,"comment_status":"closed","ping_status":"closed","sticky":false,"template":"","format":"standard","meta":{"footnotes":""},"categories":[253,436,439],"tags":[],"class_list":["post-203986","post","type-post","status-publish","format-standard","has-post-thumbnail","hentry","category-cidade","category-destaque-da-semana","category-ultima-hora"],"_links":{"self":[{"href":"https:\/\/diarioregionaldigital.com.br\/index.php?rest_route=\/wp\/v2\/posts\/203986","targetHints":{"allow":["GET"]}}],"collection":[{"href":"https:\/\/diarioregionaldigital.com.br\/index.php?rest_route=\/wp\/v2\/posts"}],"about":[{"href":"https:\/\/diarioregionaldigital.com.br\/index.php?rest_route=\/wp\/v2\/types\/post"}],"author":[{"embeddable":true,"href":"https:\/\/diarioregionaldigital.com.br\/index.php?rest_route=\/wp\/v2\/users\/246"}],"replies":[{"embeddable":true,"href":"https:\/\/diarioregionaldigital.com.br\/index.php?rest_route=%2Fwp%2Fv2%2Fcomments&post=203986"}],"version-history":[{"count":1,"href":"https:\/\/diarioregionaldigital.com.br\/index.php?rest_route=\/wp\/v2\/posts\/203986\/revisions"}],"predecessor-version":[{"id":203988,"href":"https:\/\/diarioregionaldigital.com.br\/index.php?rest_route=\/wp\/v2\/posts\/203986\/revisions\/203988"}],"wp:featuredmedia":[{"embeddable":true,"href":"https:\/\/diarioregionaldigital.com.br\/index.php?rest_route=\/wp\/v2\/media\/203987"}],"wp:attachment":[{"href":"https:\/\/diarioregionaldigital.com.br\/index.php?rest_route=%2Fwp%2Fv2%2Fmedia&parent=203986"}],"wp:term":[{"taxonomy":"category","embeddable":true,"href":"https:\/\/diarioregionaldigital.com.br\/index.php?rest_route=%2Fwp%2Fv2%2Fcategories&post=203986"},{"taxonomy":"post_tag","embeddable":true,"href":"https:\/\/diarioregionaldigital.com.br\/index.php?rest_route=%2Fwp%2Fv2%2Ftags&post=203986"}],"curies":[{"name":"wp","href":"https:\/\/api.w.org\/{rel}","templated":true}]}}