{"id":203885,"date":"2022-09-05T20:16:15","date_gmt":"2022-09-05T23:16:15","guid":{"rendered":"https:\/\/diarioregionaldigital.com.br\/?p=203885"},"modified":"2022-09-05T20:16:15","modified_gmt":"2022-09-05T23:16:15","slug":"bndes-aprova-contratacao-de-fundo-de-fomento-para-acao-socioambiental","status":"publish","type":"post","link":"https:\/\/diarioregionaldigital.com.br\/?p=203885","title":{"rendered":"BNDES aprova contrata\u00e7\u00e3o de fundo de fomento para a\u00e7\u00e3o socioambiental"},"content":{"rendered":"<p>A BNDES Participa\u00e7\u00f5es (Bndespar), subsidi\u00e1ria do Banco Nacional de Desenvolvimento Econ\u00f4mico e Social (BNDES), vai subscrever cotas do Fundo de Investimento em Participa\u00e7\u00f5es Multiestrat\u00e9gia Vox Tech for Good Growth (FIP Vox TFGG), no montante de at\u00e9 R$ 125 milh\u00f5es. A opera\u00e7\u00e3o foi aprovada\u00a0hoje\u00a0(5) pelo banco. O boletim de subscri\u00e7\u00e3o\u00a0tem previs\u00e3o de ser assinado ainda este m\u00eas.<img decoding=\"async\" src=\"https:\/\/agenciabrasil.ebc.com.br\/ebc.png?id=1480854&amp;o=node\" \/><img decoding=\"async\" src=\"https:\/\/agenciabrasil.ebc.com.br\/ebc.gif?id=1480854&amp;o=node\" \/><\/p>\n<p>De acordo com o BNDES, o fundo dever\u00e1 fomentar empresas emergentes de todo o pa\u00eds que apresentem solu\u00e7\u00f5es inovadoras e capazes de gerar impacto positivo para a sociedade e para o meio ambiente. A opera\u00e7\u00e3o ocorre no \u00e2mbito da chamada p\u00fablica para sele\u00e7\u00e3o de fundos de impacto, lan\u00e7ada pelo banco em julho do ano passado.<\/p>\n<p>O objetivo \u00e9 estimular neg\u00f3cios que apoiem gest\u00e3o de res\u00edduos, moradia, acessibilidade digital, meio ambiente, transporte, recursos h\u00eddricos, saneamento b\u00e1sico e educa\u00e7\u00e3o. Visando atrair investimentos privados, o BNDES decidiu aplicar at\u00e9 25% do valor total de cada fundo. O restante ser\u00e1 captado no mercado.<\/p>\n<p>O FIP Vox TFGG foi um dos tr\u00eas fundos de investimento em participa\u00e7\u00f5es (FIPs) voltados a neg\u00f3cios de impacto selecionados pelo BNDES na chamada p\u00fablica. Alinhada ao Plano Trienal 2020-2022 do BNDES, a sele\u00e7\u00e3o incentivou o investimento em a\u00e7\u00f5es de impacto no pa\u00eds, em prol da agenda ambiental, governan\u00e7a e social (AGS), da sustentabilidade financeira e do desenvolvimento do mercado de capitais.<\/p>\n<p>Os outros dois fundos selecionados pelo banco foram o LGEF I &#8211; Fundo de Investimento em Participa\u00e7\u00f5es Multiestrat\u00e9gia e o Althelia Biodiversity Fund Brazil FIP Multiestrat\u00e9gia. O LGEF I j\u00e1 teve o boletim de subscri\u00e7\u00e3o (BS) aprovado e assinado em mar\u00e7o deste ano, enquanto o Althelia Biodiversity continua em an\u00e1lise, sem previs\u00e3o ainda de quando ocorrer\u00e1 a assinatura do BS, informou \u00e0 Ag\u00eancia Brasil o BNDES, por meio de sua assessoria de imprensa.<\/p>\n<p><span style=\"font-weight: 400;\">Fonte: Ag\u00eancia Brasil <\/span><\/p>\n","protected":false},"excerpt":{"rendered":"<p>A BNDES Participa\u00e7\u00f5es (Bndespar), subsidi\u00e1ria do Banco Nacional de Desenvolvimento Econ\u00f4mico e Social (BNDES), vai subscrever cotas do Fundo de Investimento em Participa\u00e7\u00f5es Multiestrat\u00e9gia Vox Tech for Good Growth (FIP Vox TFGG), no montante de at\u00e9 R$ 125 milh\u00f5es. A opera\u00e7\u00e3o foi aprovada\u00a0hoje\u00a0(5) pelo banco. O boletim de subscri\u00e7\u00e3o\u00a0tem previs\u00e3o de ser assinado ainda este [&hellip;]<\/p>\n","protected":false},"author":246,"featured_media":203886,"comment_status":"closed","ping_status":"closed","sticky":false,"template":"","format":"standard","meta":{"footnotes":""},"categories":[436,261,439],"tags":[],"class_list":["post-203885","post","type-post","status-publish","format-standard","has-post-thumbnail","hentry","category-destaque-da-semana","category-economia","category-ultima-hora"],"_links":{"self":[{"href":"https:\/\/diarioregionaldigital.com.br\/index.php?rest_route=\/wp\/v2\/posts\/203885","targetHints":{"allow":["GET"]}}],"collection":[{"href":"https:\/\/diarioregionaldigital.com.br\/index.php?rest_route=\/wp\/v2\/posts"}],"about":[{"href":"https:\/\/diarioregionaldigital.com.br\/index.php?rest_route=\/wp\/v2\/types\/post"}],"author":[{"embeddable":true,"href":"https:\/\/diarioregionaldigital.com.br\/index.php?rest_route=\/wp\/v2\/users\/246"}],"replies":[{"embeddable":true,"href":"https:\/\/diarioregionaldigital.com.br\/index.php?rest_route=%2Fwp%2Fv2%2Fcomments&post=203885"}],"version-history":[{"count":1,"href":"https:\/\/diarioregionaldigital.com.br\/index.php?rest_route=\/wp\/v2\/posts\/203885\/revisions"}],"predecessor-version":[{"id":203887,"href":"https:\/\/diarioregionaldigital.com.br\/index.php?rest_route=\/wp\/v2\/posts\/203885\/revisions\/203887"}],"wp:featuredmedia":[{"embeddable":true,"href":"https:\/\/diarioregionaldigital.com.br\/index.php?rest_route=\/wp\/v2\/media\/203886"}],"wp:attachment":[{"href":"https:\/\/diarioregionaldigital.com.br\/index.php?rest_route=%2Fwp%2Fv2%2Fmedia&parent=203885"}],"wp:term":[{"taxonomy":"category","embeddable":true,"href":"https:\/\/diarioregionaldigital.com.br\/index.php?rest_route=%2Fwp%2Fv2%2Fcategories&post=203885"},{"taxonomy":"post_tag","embeddable":true,"href":"https:\/\/diarioregionaldigital.com.br\/index.php?rest_route=%2Fwp%2Fv2%2Ftags&post=203885"}],"curies":[{"name":"wp","href":"https:\/\/api.w.org\/{rel}","templated":true}]}}