{"id":203882,"date":"2022-09-05T20:13:37","date_gmt":"2022-09-05T23:13:37","guid":{"rendered":"https:\/\/diarioregionaldigital.com.br\/?p=203882"},"modified":"2022-09-05T20:13:37","modified_gmt":"2022-09-05T23:13:37","slug":"dolar-cai-para-r-515-em-dia-de-feriado-nos-estados-unidos","status":"publish","type":"post","link":"https:\/\/diarioregionaldigital.com.br\/?p=203882","title":{"rendered":"D\u00f3lar cai para R$ 5,15 em dia de feriado nos Estados Unidos"},"content":{"rendered":"<p>Em dia de feriado nos Estados Unidos, o d\u00f3lar caiu pela segunda vez seguida. A bolsa de valores subiu pela terceira sess\u00e3o consecutiva, beneficiada pela recupera\u00e7\u00e3o das\u00a0<em>commodities\u00a0<\/em>(bens prim\u00e1rios com cota\u00e7\u00e3o internacional).<\/p>\n<p>O d\u00f3lar comercial encerrou esta segunda-feira (5) vendido a R$ 5,154, com queda de R$ 0,031 (-0,59%). A cota\u00e7\u00e3o abriu pr\u00f3xima da estabilidade e caiu durante toda a sess\u00e3o, at\u00e9 encerrar pr\u00f3xima das m\u00ednimas do dia. A divisa est\u00e1 no n\u00edvel mais baixo desde a \u00faltima ter\u00e7a-feira (30), quando tinha fechado em R$ 5,11.<\/p>\n<p>A queda mais expressiva de hoje, no entanto, ocorreu com o euro. A moeda fechou a R$ 5,118, com recuo de R$ 0,04 (-0,83%), prejudicada pelo an\u00fancio da R\u00fassia de que o fornecimento de g\u00e1s para o resto do continente s\u00f3 ser\u00e1 retomado se as san\u00e7\u00f5es econ\u00f4micas impostas ao pa\u00eds acabarem. A not\u00edcia fez o euro ser cotado abaixo de US$ 0,99 pela primeira vez em duas d\u00e9cadas, no pior desempenho contra a moeda norte-americana.<\/p>\n<p>No mercado de a\u00e7\u00f5es, o dia foi marcado pela recupera\u00e7\u00e3o. O \u00edndice Ibovespa, da B3, fechou aos 112.203 pontos, com alta de 1,21%. O indicador foi beneficiado pela recupera\u00e7\u00e3o das\u00a0<em>commodities<\/em>, que beneficiou a\u00e7\u00f5es de mineradoras, e pela perspectiva de que os juros no Brasil v\u00e3o parar de subir, o que impulsionou pap\u00e9is de empresas varejistas.<\/p>\n<p>Com o feriado do Dia do Trabalho nos Estados Unidos, o mercado financeiro operou sem o principal referencial externo. No entanto, not\u00edcias de est\u00edmulos econ\u00f4micos na China impulsionaram as\u00a0<em>commodities<\/em>, beneficiando exportadores de produtos prim\u00e1rios, como o Brasil.<\/p>\n<p>Nesta semana, os investidores aguardam o resultado da reuni\u00e3o do Banco Central Europeu, que deve elevar os juros pela segunda vez consecutiva na pr\u00f3xima quinta-feira (8). A alta dever\u00e1 fazer o euro recuperar parte das perdas recentes perante o d\u00f3lar.<\/p>\n<p><span style=\"font-weight: 400;\">Fonte: Ag\u00eancia Brasil\u00a0<\/span><span style=\"font-weight: 400;\"><br \/>\n<\/span><\/p>\n","protected":false},"excerpt":{"rendered":"<p>Em dia de feriado nos Estados Unidos, o d\u00f3lar caiu pela segunda vez seguida. A bolsa de valores subiu pela terceira sess\u00e3o consecutiva, beneficiada pela recupera\u00e7\u00e3o das\u00a0commodities\u00a0(bens prim\u00e1rios com cota\u00e7\u00e3o internacional). O d\u00f3lar comercial encerrou esta segunda-feira (5) vendido a R$ 5,154, com queda de R$ 0,031 (-0,59%). A cota\u00e7\u00e3o abriu pr\u00f3xima da estabilidade e [&hellip;]<\/p>\n","protected":false},"author":246,"featured_media":203883,"comment_status":"closed","ping_status":"closed","sticky":false,"template":"","format":"standard","meta":{"footnotes":""},"categories":[436,440,261,439],"tags":[],"class_list":["post-203882","post","type-post","status-publish","format-standard","has-post-thumbnail","hentry","category-destaque-da-semana","category-destaques-do-dia","category-economia","category-ultima-hora"],"_links":{"self":[{"href":"https:\/\/diarioregionaldigital.com.br\/index.php?rest_route=\/wp\/v2\/posts\/203882","targetHints":{"allow":["GET"]}}],"collection":[{"href":"https:\/\/diarioregionaldigital.com.br\/index.php?rest_route=\/wp\/v2\/posts"}],"about":[{"href":"https:\/\/diarioregionaldigital.com.br\/index.php?rest_route=\/wp\/v2\/types\/post"}],"author":[{"embeddable":true,"href":"https:\/\/diarioregionaldigital.com.br\/index.php?rest_route=\/wp\/v2\/users\/246"}],"replies":[{"embeddable":true,"href":"https:\/\/diarioregionaldigital.com.br\/index.php?rest_route=%2Fwp%2Fv2%2Fcomments&post=203882"}],"version-history":[{"count":1,"href":"https:\/\/diarioregionaldigital.com.br\/index.php?rest_route=\/wp\/v2\/posts\/203882\/revisions"}],"predecessor-version":[{"id":203884,"href":"https:\/\/diarioregionaldigital.com.br\/index.php?rest_route=\/wp\/v2\/posts\/203882\/revisions\/203884"}],"wp:featuredmedia":[{"embeddable":true,"href":"https:\/\/diarioregionaldigital.com.br\/index.php?rest_route=\/wp\/v2\/media\/203883"}],"wp:attachment":[{"href":"https:\/\/diarioregionaldigital.com.br\/index.php?rest_route=%2Fwp%2Fv2%2Fmedia&parent=203882"}],"wp:term":[{"taxonomy":"category","embeddable":true,"href":"https:\/\/diarioregionaldigital.com.br\/index.php?rest_route=%2Fwp%2Fv2%2Fcategories&post=203882"},{"taxonomy":"post_tag","embeddable":true,"href":"https:\/\/diarioregionaldigital.com.br\/index.php?rest_route=%2Fwp%2Fv2%2Ftags&post=203882"}],"curies":[{"name":"wp","href":"https:\/\/api.w.org\/{rel}","templated":true}]}}