{"id":203868,"date":"2022-09-02T20:43:34","date_gmt":"2022-09-02T23:43:34","guid":{"rendered":"https:\/\/diarioregionaldigital.com.br\/?p=203868"},"modified":"2022-09-02T20:43:34","modified_gmt":"2022-09-02T23:43:34","slug":"feiras-da-agricultura-familiar-e-e-daqui-mudam-de-endereco","status":"publish","type":"post","link":"https:\/\/diarioregionaldigital.com.br\/?p=203868","title":{"rendered":"Feiras da Agricultura Familiar e \u201c\u00c9 Daqui\u201d mudam de endere\u00e7o"},"content":{"rendered":"<p>Segundo informa\u00e7\u00f5es do site da Prefeitura de Juiz de Fora (PJF), a partir de 6 de setembro, a Feira da Agricultura Familiar passa a ser realizada na Pra\u00e7a Dr. Jo\u00e3o Penido, conhecida como Pra\u00e7a da Esta\u00e7\u00e3o, todas as ter\u00e7as-feiras, das 6h30 \u00e0s 14h. J\u00e1 a Feira \u201c\u00c9 Daqui\u201d volta a ser realizada no Parque Halfeld, a partir do dia 9 de setembro, e ocorrer\u00e1 todas as sextas-feiras, das 6h30 \u00e0s 14h. Desde 2020, as feiras ocorriam, de forma tempor\u00e1ria, na Rua Bar\u00e3o de S\u00e3o Jo\u00e3o Nepomuceno, devido \u00e0 pandemia, que provocou o fechamento do Parque Halfeld.<\/p>\n<p>&nbsp;<\/p>\n<p><strong>Feira da Agricultura Familiar<\/strong><\/p>\n<p>&nbsp;<\/p>\n<p>\u00c0s quintas-feiras, a feira continuar\u00e1 sendo realizada no Parque Halfeld. O hor\u00e1rio de funcionamento \u00e9 das 6h \u00e0s 14h. A feira, com mais de 40 anos de hist\u00f3ria na cidade, oferece produtos naturais e artesanais, como hortali\u00e7as, frutas, doces, quitandas, mel, caf\u00e9, feij\u00e3o e queijos produzidos por agricultores de Juiz de Fora e regi\u00e3o.<\/p>\n<p>&nbsp;<\/p>\n<p><strong>Feira \u00c9 Daqui<\/strong><\/p>\n<p>&nbsp;<\/p>\n<p>A feira \u00e9 a primeira em alimenta\u00e7\u00e3o inclusiva para cel\u00edacos (que possuem intoler\u00e2ncia \u00e0 gl\u00faten) registrada no Brasil, oferecendo produtos variados, voltados para pessoas com algum tipo de intoler\u00e2ncia alimentar. Os consumidores podem encontrar produtos sem gl\u00faten, sem lactose, sem a\u00e7\u00facar, org\u00e2nicos, veganos, licores, azeites, queijos, farofa, mel, ovo caipira, plantas medicinais e aromaterapia.\u00a0A feira &#8220;\u00c9 Daqui&#8221; tamb\u00e9m \u00e9 realizada \u00e0s ter\u00e7as-feiras na Rua Mister Moore.<\/p>\n<p>&nbsp;<\/p>\n","protected":false},"excerpt":{"rendered":"<p>Segundo informa\u00e7\u00f5es do site da Prefeitura de Juiz de Fora (PJF), a partir de 6 de setembro, a Feira da Agricultura Familiar passa a ser realizada na Pra\u00e7a Dr. Jo\u00e3o Penido, conhecida como Pra\u00e7a da Esta\u00e7\u00e3o, todas as ter\u00e7as-feiras, das 6h30 \u00e0s 14h. J\u00e1 a Feira \u201c\u00c9 Daqui\u201d volta a ser realizada no Parque Halfeld, [&hellip;]<\/p>\n","protected":false},"author":246,"featured_media":203869,"comment_status":"closed","ping_status":"closed","sticky":false,"template":"","format":"standard","meta":{"footnotes":""},"categories":[253,436,439],"tags":[],"class_list":["post-203868","post","type-post","status-publish","format-standard","has-post-thumbnail","hentry","category-cidade","category-destaque-da-semana","category-ultima-hora"],"_links":{"self":[{"href":"https:\/\/diarioregionaldigital.com.br\/index.php?rest_route=\/wp\/v2\/posts\/203868","targetHints":{"allow":["GET"]}}],"collection":[{"href":"https:\/\/diarioregionaldigital.com.br\/index.php?rest_route=\/wp\/v2\/posts"}],"about":[{"href":"https:\/\/diarioregionaldigital.com.br\/index.php?rest_route=\/wp\/v2\/types\/post"}],"author":[{"embeddable":true,"href":"https:\/\/diarioregionaldigital.com.br\/index.php?rest_route=\/wp\/v2\/users\/246"}],"replies":[{"embeddable":true,"href":"https:\/\/diarioregionaldigital.com.br\/index.php?rest_route=%2Fwp%2Fv2%2Fcomments&post=203868"}],"version-history":[{"count":1,"href":"https:\/\/diarioregionaldigital.com.br\/index.php?rest_route=\/wp\/v2\/posts\/203868\/revisions"}],"predecessor-version":[{"id":203870,"href":"https:\/\/diarioregionaldigital.com.br\/index.php?rest_route=\/wp\/v2\/posts\/203868\/revisions\/203870"}],"wp:featuredmedia":[{"embeddable":true,"href":"https:\/\/diarioregionaldigital.com.br\/index.php?rest_route=\/wp\/v2\/media\/203869"}],"wp:attachment":[{"href":"https:\/\/diarioregionaldigital.com.br\/index.php?rest_route=%2Fwp%2Fv2%2Fmedia&parent=203868"}],"wp:term":[{"taxonomy":"category","embeddable":true,"href":"https:\/\/diarioregionaldigital.com.br\/index.php?rest_route=%2Fwp%2Fv2%2Fcategories&post=203868"},{"taxonomy":"post_tag","embeddable":true,"href":"https:\/\/diarioregionaldigital.com.br\/index.php?rest_route=%2Fwp%2Fv2%2Ftags&post=203868"}],"curies":[{"name":"wp","href":"https:\/\/api.w.org\/{rel}","templated":true}]}}