{"id":203862,"date":"2022-09-02T20:28:50","date_gmt":"2022-09-02T23:28:50","guid":{"rendered":"https:\/\/diarioregionaldigital.com.br\/?p=203862"},"modified":"2022-09-02T20:28:50","modified_gmt":"2022-09-02T23:28:50","slug":"brasil-estreia-na-americup-de-basquete-masculino-contra-canada","status":"publish","type":"post","link":"https:\/\/diarioregionaldigital.com.br\/?p=203862","title":{"rendered":"Brasil estreia na AmeriCup de basquete masculino contra Canad\u00e1"},"content":{"rendered":"<p>O Brasil inicia nesta sexta-feira (2), a partir das 20h10 (hor\u00e1rio de Bras\u00edlia), a caminhada na AmeriCup, a Copa Am\u00e9rica de basquete masculino, com jogos no gin\u00e1sio Geraldo Magalh\u00e3es, o Gerald\u00e3o, no\u00a0Recife. O primeiro advers\u00e1rio ser\u00e1 o Canad\u00e1.<img decoding=\"async\" src=\"https:\/\/agenciabrasil.ebc.com.br\/ebc.png?id=1480477&amp;o=node\" \/><img decoding=\"async\" src=\"https:\/\/agenciabrasil.ebc.com.br\/ebc.gif?id=1480477&amp;o=node\" \/><\/p>\n<p>Os brasileiros aparecem no Grupo A, que tamb\u00e9m re\u00fane Uruguai e Col\u00f4mbia, sele\u00e7\u00f5es que abrem a competi\u00e7\u00e3o \u00e0s 13h40 desta sexta. No s\u00e1bado (3), novamente \u00e0s 20h10, a equipe comandada por Gustavo de Conti encara os colombianos. A campanha na primeira fase chega ao fim na segunda-feira (5), no mesmo hor\u00e1rio, contra os uruguaios.<\/p>\n<p>S\u00e3o tr\u00eas grupos com quatro equipes em cada. Os dois primeiros avan\u00e7am de fase, al\u00e9m dos dois melhores terceiros colocados. As quartas de final ser\u00e3o na pr\u00f3xima quinta-feira (8). As semifinais ocorrer\u00e3o no dia 10, um s\u00e1bado. A disputa pelo terceiro lugar (17h10) e a decis\u00e3o (20h40) ser\u00e3o no dia seguinte, um domingo. As sete melhores sele\u00e7\u00f5es se classificam para os Jogos Pan-Americanos de Santiago (Chile), em 2023.<\/p>\n<p>Tetracampe\u00e3o, o Brasil n\u00e3o conquista o torneio desde 2009, quando bateu o anfitri\u00e3o Porto Rico na final. O armador Marcelinho Huertas, do Tenerife (Espanha), capit\u00e3o da atual sele\u00e7\u00e3o, fez parte do elenco que tinha nomes como Marcelinho Machado, Leandrinho e Anderson Varej\u00e3o (todos eles j\u00e1 aposentados). Dois anos depois, na Argentina, a equipe verde e amarela foi vice-campe\u00e3, superada pelos donos da casa.<\/p>\n<p>Nas edi\u00e7\u00f5es seguintes, a sele\u00e7\u00e3o fez campanhas p\u00edfias. Em 2013 (Venezuela) e 2015 (M\u00e9xico), os brasileiros ficaram em nono lugar, entre dez participantes. Na \u00faltima Copa Am\u00e9rica, em 2017, disputada em territ\u00f3rios argentino, colombiano e uruguaio, a d\u00e9cima posi\u00e7\u00e3o (entre 12 times), com um grupo reformulado em rela\u00e7\u00e3o ao da Olimp\u00edada do Rio de Janeiro, um ano antes, custou o lugar no Pan de Lima (Peru), em 2019, algo in\u00e9dito.<\/p>\n<p>O Brasil chega sob press\u00e3o para a competi\u00e7\u00e3o, j\u00e1 que vem de tr\u00eas derrotas seguidas nas eliminat\u00f3rias para a Copa do Mundo do ano que vem, que ser\u00e1 disputada no Jap\u00e3o, nas Filipinas e na Indon\u00e9sia. As mais recentes na abertura da segunda fase, para Porto Rico, h\u00e1 uma semana fora de casa, e M\u00e9xico, na \u00faltima segunda-feira (29) em Jaragu\u00e1 do Sul (SC). Os brasileiros est\u00e3o em terceiro lugar no Grupo F, entre seis equipes. Os tr\u00eas primeiros se garantem no Mundial. O quarto colocado precisar ter uma campanha melhor que a do quarto do Grupo E para se classificar.<\/p>\n<p>A rela\u00e7\u00e3o de jogadores que representar\u00e1 o pa\u00eds na AmeriCup foi revelada na quinta-feira (1). Em rela\u00e7\u00e3o ao time derrotado pelo M\u00e9xico, a novidade \u00e9 a volta do ala\/armador Vitor Benite, do Gran Can\u00e1ria (Espanha), que vinha sendo poupado por causa de uma inflama\u00e7\u00e3o no p\u00e9 direito. Ele ficou com a vaga do ala\/piv\u00f4 Gabriel Ja\u00fa, do Flamengo.<\/p>\n<p>\u201cSabemos de todas as dificuldades que vamos enfrentar, que o momento n\u00e3o \u00e9 bom, mas que nosso grupo tem qualidade. E nada melhor do que um evento deste tamanho para nos recuperarmos. Ser\u00e1 uma AmeriCup muito equilibrada, mas jogamos em casa, com apoio da torcida, e temos condi\u00e7\u00f5es de fazer uma \u00f3tima competi\u00e7\u00e3o\u201d, comentou Benite ao site da Confedera\u00e7\u00e3o Brasileira de Basquete (CBB).<\/p>\n<p>Atuais campe\u00f5es e maiores vencedores da AmeriCup, com sete t\u00edtulos, os Estados Unidos despontam novamente como principais favoritos. A equipe, que figura no Grupo C, com M\u00e9xico, Panam\u00e1 e Venezuela, \u00e9 composta, principalmente, por atletas da G-League, que re\u00fane jogadores pouco aproveitados ou sem espa\u00e7o nos elencos principais da NBA. Caso do ala Patrick McCaw, que defende o Delaware Blue Coats, afiliado ao Philadelphia 76ers, e j\u00e1 foi tr\u00eas vezes campe\u00e3o do principal campeonato de basquete do mundo, por Golden State Warriors (2017 e 2018) e Toronto Raptors (2019).<\/p>\n<p>Outra pot\u00eancia \u00e9 a Argentina, vice na edi\u00e7\u00e3o de 2017 e bicampe\u00e3 do torneio. Os hermanos ter\u00e3o, no Brasil, veteranos como o ala Carlos Delfino, campe\u00e3o ol\u00edmpico nos Jogos de 2004, em Atenas (Gr\u00e9cia), e os armadores Facundo Campazzo e Nico Laprovittola, vice mundiais h\u00e1 tr\u00eas anos. A equipe, por\u00e9m, teve uma mudan\u00e7a de \u00faltima hora no comando, com o pedido de demiss\u00e3o do t\u00e9cnico N\u00e9stor Garc\u00eda. Os argentinos, que est\u00e3o no Grupo B, com Ilhas Virgens, Porto Rico e Rep\u00fablica Dominicana, ser\u00e3o dirigidos por Pablo Prigioni.<\/p>\n<h2>Os convocados do Brasil<\/h2>\n<p><strong>Armadores:<\/strong>\u00a0Yago Mateus (Ratio Ulm, da Alemanha), Marcelinho Huertas (Tenerife, da Espanha) e Rafa Luz (Andorra, da Espanha).<\/p>\n<p><strong>Alas\/armadores:<\/strong>\u00a0Georginho (Sesi Franca) e Vitor Benite (Gran Can\u00e1ria, da Espanha).<\/p>\n<p><strong>Alas:<\/strong>\u00a0Didi Louzada (Portland Trail Blazers, dos Estados Unidos) e L\u00e9o Mendl (Urban Transylvania, da Rom\u00eania).<\/p>\n<p><strong>Alas\/piv\u00f4s:<\/strong>\u00a0Rafa Mineiro (Flamengo) e Lucas Dias (Sesi Franca).<\/p>\n<p><strong>Piv\u00f4s:\u00a0<\/strong>Lucas Mariano (Sesi Franca), Augusto Lima (Unicaja M\u00e1laga, da Espanha) e Cristiano Fel\u00edcio (Granada, da Espanha).<\/p>\n<p><span style=\"font-weight: 400;\">Fonte: Ag\u00eancia Brasil\u00a0<\/span><span style=\"font-weight: 400;\"><br \/>\n<\/span><\/p>\n","protected":false},"excerpt":{"rendered":"<p>O Brasil inicia nesta sexta-feira (2), a partir das 20h10 (hor\u00e1rio de Bras\u00edlia), a caminhada na AmeriCup, a Copa Am\u00e9rica de basquete masculino, com jogos no gin\u00e1sio Geraldo Magalh\u00e3es, o Gerald\u00e3o, no\u00a0Recife. O primeiro advers\u00e1rio ser\u00e1 o Canad\u00e1. Os brasileiros aparecem no Grupo A, que tamb\u00e9m re\u00fane Uruguai e Col\u00f4mbia, sele\u00e7\u00f5es que abrem a competi\u00e7\u00e3o [&hellip;]<\/p>\n","protected":false},"author":246,"featured_media":203863,"comment_status":"closed","ping_status":"closed","sticky":false,"template":"","format":"standard","meta":{"footnotes":""},"categories":[436,257,439],"tags":[],"class_list":["post-203862","post","type-post","status-publish","format-standard","has-post-thumbnail","hentry","category-destaque-da-semana","category-esporte","category-ultima-hora"],"_links":{"self":[{"href":"https:\/\/diarioregionaldigital.com.br\/index.php?rest_route=\/wp\/v2\/posts\/203862","targetHints":{"allow":["GET"]}}],"collection":[{"href":"https:\/\/diarioregionaldigital.com.br\/index.php?rest_route=\/wp\/v2\/posts"}],"about":[{"href":"https:\/\/diarioregionaldigital.com.br\/index.php?rest_route=\/wp\/v2\/types\/post"}],"author":[{"embeddable":true,"href":"https:\/\/diarioregionaldigital.com.br\/index.php?rest_route=\/wp\/v2\/users\/246"}],"replies":[{"embeddable":true,"href":"https:\/\/diarioregionaldigital.com.br\/index.php?rest_route=%2Fwp%2Fv2%2Fcomments&post=203862"}],"version-history":[{"count":1,"href":"https:\/\/diarioregionaldigital.com.br\/index.php?rest_route=\/wp\/v2\/posts\/203862\/revisions"}],"predecessor-version":[{"id":203864,"href":"https:\/\/diarioregionaldigital.com.br\/index.php?rest_route=\/wp\/v2\/posts\/203862\/revisions\/203864"}],"wp:featuredmedia":[{"embeddable":true,"href":"https:\/\/diarioregionaldigital.com.br\/index.php?rest_route=\/wp\/v2\/media\/203863"}],"wp:attachment":[{"href":"https:\/\/diarioregionaldigital.com.br\/index.php?rest_route=%2Fwp%2Fv2%2Fmedia&parent=203862"}],"wp:term":[{"taxonomy":"category","embeddable":true,"href":"https:\/\/diarioregionaldigital.com.br\/index.php?rest_route=%2Fwp%2Fv2%2Fcategories&post=203862"},{"taxonomy":"post_tag","embeddable":true,"href":"https:\/\/diarioregionaldigital.com.br\/index.php?rest_route=%2Fwp%2Fv2%2Ftags&post=203862"}],"curies":[{"name":"wp","href":"https:\/\/api.w.org\/{rel}","templated":true}]}}