{"id":203855,"date":"2022-09-02T20:23:56","date_gmt":"2022-09-02T23:23:56","guid":{"rendered":"https:\/\/diarioregionaldigital.com.br\/?p=203855"},"modified":"2022-09-02T20:23:56","modified_gmt":"2022-09-02T23:23:56","slug":"imbativel-alison-dos-santos-vence-etapa-da-diamond-league-na-belgica","status":"publish","type":"post","link":"https:\/\/diarioregionaldigital.com.br\/?p=203855","title":{"rendered":"Imbat\u00edvel, Alison dos Santos vence etapa da Diamond League na B\u00e9lgica"},"content":{"rendered":"<p>O brasileiro Alison dos Santos continua imbat\u00edvel em 2022. Nesta\u00a0sexta-feira (2), o paulista venceu os 400 metros (m) com barreiras na etapa de Bruxelas (B\u00e9lgica) da Liga Diamante, principal circuito de atletismo do mundo. Ele completou a prova em 47s54, com o norte-americano Khallifah Rosser em segundo lugar (47s88) e o franc\u00eas Wilfried Happio herdando a medalha de bronze (48s61), ap\u00f3s a desclassifica\u00e7\u00e3o de CJ Allen, dos Estados Unidos.<img decoding=\"async\" src=\"https:\/\/agenciabrasil.ebc.com.br\/ebc.png?id=1480628&amp;o=node\" \/><img decoding=\"async\" src=\"https:\/\/agenciabrasil.ebc.com.br\/ebc.gif?id=1480628&amp;o=node\" \/><\/p>\n<p>Piu, como \u00e9 conhecido o barreirista, ganhou ouro nas cinco etapas que disputou da Liga Diamante neste ano, em Doha (Catar), Eugene (Estados Unidos), Oslo (Noruega), Estocolmo (Su\u00e9cia) e Slask (Pol\u00f4nia). Al\u00e9m disso, o paulista foi campe\u00e3o mundial em Eugene, em julho, obtendo a melhor marca do ano (46s29) e a terceira da hist\u00f3ria dos 400 m com barreiras.<\/p>\n<p>Outro brasileiro a conquistar medalha nesta\u00a0sexta\u00a0foi Almir J\u00fanior. O ga\u00facho foi bronze no salto triplo, atingindo 16,81 metros. O cubano L\u00e1zaro Mart\u00ednez ficou com o ouro (17,49 m), enquanto Hugues Zango, de Burkina Faso, vice-campe\u00e3o mundial em Eugene, conquistou a prata (17,40 m).<\/p>\n<p>A pr\u00f3xima etapa da Liga Diamante ser\u00e1 a \u00faltima da temporada, entre\u00a0quarta-feira (7) e\u00a0quinta-feira (8), em Zurique (Su\u00ed\u00e7a). O evento reunir\u00e1 os melhores atletas de cada prova, com base nos resultados anteriores do circuito.<\/p>\n<p><span style=\"font-weight: 400;\">Fonte: Ag\u00eancia Brasil <\/span><\/p>\n","protected":false},"excerpt":{"rendered":"<p>O brasileiro Alison dos Santos continua imbat\u00edvel em 2022. Nesta\u00a0sexta-feira (2), o paulista venceu os 400 metros (m) com barreiras na etapa de Bruxelas (B\u00e9lgica) da Liga Diamante, principal circuito de atletismo do mundo. Ele completou a prova em 47s54, com o norte-americano Khallifah Rosser em segundo lugar (47s88) e o franc\u00eas Wilfried Happio herdando [&hellip;]<\/p>\n","protected":false},"author":246,"featured_media":203856,"comment_status":"closed","ping_status":"closed","sticky":false,"template":"","format":"standard","meta":{"footnotes":""},"categories":[436,257,439],"tags":[],"class_list":["post-203855","post","type-post","status-publish","format-standard","has-post-thumbnail","hentry","category-destaque-da-semana","category-esporte","category-ultima-hora"],"_links":{"self":[{"href":"https:\/\/diarioregionaldigital.com.br\/index.php?rest_route=\/wp\/v2\/posts\/203855","targetHints":{"allow":["GET"]}}],"collection":[{"href":"https:\/\/diarioregionaldigital.com.br\/index.php?rest_route=\/wp\/v2\/posts"}],"about":[{"href":"https:\/\/diarioregionaldigital.com.br\/index.php?rest_route=\/wp\/v2\/types\/post"}],"author":[{"embeddable":true,"href":"https:\/\/diarioregionaldigital.com.br\/index.php?rest_route=\/wp\/v2\/users\/246"}],"replies":[{"embeddable":true,"href":"https:\/\/diarioregionaldigital.com.br\/index.php?rest_route=%2Fwp%2Fv2%2Fcomments&post=203855"}],"version-history":[{"count":1,"href":"https:\/\/diarioregionaldigital.com.br\/index.php?rest_route=\/wp\/v2\/posts\/203855\/revisions"}],"predecessor-version":[{"id":203857,"href":"https:\/\/diarioregionaldigital.com.br\/index.php?rest_route=\/wp\/v2\/posts\/203855\/revisions\/203857"}],"wp:featuredmedia":[{"embeddable":true,"href":"https:\/\/diarioregionaldigital.com.br\/index.php?rest_route=\/wp\/v2\/media\/203856"}],"wp:attachment":[{"href":"https:\/\/diarioregionaldigital.com.br\/index.php?rest_route=%2Fwp%2Fv2%2Fmedia&parent=203855"}],"wp:term":[{"taxonomy":"category","embeddable":true,"href":"https:\/\/diarioregionaldigital.com.br\/index.php?rest_route=%2Fwp%2Fv2%2Fcategories&post=203855"},{"taxonomy":"post_tag","embeddable":true,"href":"https:\/\/diarioregionaldigital.com.br\/index.php?rest_route=%2Fwp%2Fv2%2Ftags&post=203855"}],"curies":[{"name":"wp","href":"https:\/\/api.w.org\/{rel}","templated":true}]}}