{"id":203852,"date":"2022-09-02T20:21:01","date_gmt":"2022-09-02T23:21:01","guid":{"rendered":"https:\/\/diarioregionaldigital.com.br\/?p=203852"},"modified":"2022-09-02T20:21:01","modified_gmt":"2022-09-02T23:21:01","slug":"dupla-de-bia-haddad-se-classifica-as-oitavas-de-final-do-us-open","status":"publish","type":"post","link":"https:\/\/diarioregionaldigital.com.br\/?p=203852","title":{"rendered":"Dupla de Bia Haddad se classifica \u00e0s oitavas de final do US Open"},"content":{"rendered":"<p>A brasileira Beatriz Haddad Maia continua na briga pelo in\u00e9dito t\u00edtulo do US Open, em Nova York (Estados Unidos). Nesta\u00a0sexta-feira (2), pela\u00a0segunda\u00a0rodada, a parceria da paulista, n\u00famero 23 do ranking de duplas da Associa\u00e7\u00e3o de T\u00eanis Feminino (WTA, na sigla em ingl\u00eas), com a cazaque Anna Danilina (18\u00aa), superou\u00a0a da espanhola Aliona Bolsova (86\u00aa) com a norueguesa Ulrikke Eikeri (42\u00aa) por 2 sets a 0, com parciais de 6\/1 e 7\/5, em uma hora e 17 minutos de jogo.<img decoding=\"async\" src=\"https:\/\/agenciabrasil.ebc.com.br\/ebc.png?id=1480635&amp;o=node\" \/><img decoding=\"async\" src=\"https:\/\/agenciabrasil.ebc.com.br\/ebc.gif?id=1480635&amp;o=node\" \/><\/p>\n<p>Nas oitavas de final, Bia e Danilina aguardam as vencedoras do confronto entre as norte-americanas Reese Brantmeier (376\u00aa) e Clervie Ngounoe (871\u00aa em simples, 1.091\u00aa em duplas) com a australiana Ellen Perez (26\u00aa) e Nicole Melichar-Martinez (17\u00aa), tamb\u00e9m dos EUA. O jogo est\u00e1 em andamento. A previs\u00e3o \u00e9 que a paulista volte a quadra neste\u00a0domingo\u00a0(4), sem hor\u00e1rio definido.<\/p>\n<p>Na chave de duplas masculinas, os brasileiros que jogaram nesta\u00a0sexta, tamb\u00e9m pela\u00a0segunda\u00a0rodada, foram eliminados. A parceria do mineiro Marcelo Melo, 45\u00ba do ranking da Associa\u00e7\u00e3o dos Tenistas Profissionais (ATP), com o sul-africano Raven Klaasen (73\u00ba), foi derrotada pelo brit\u00e2nico Lloyd Glasspool (26\u00ba) e o finland\u00eas Harri Heliovaara (21\u00ba) por 2 sets a 0, com parciais de 4\/6 e 6\/7 (6\/8), em uma hora e 26 minutos de duelo. Conterr\u00e2neo de Melo, Bruno Soares (33\u00ba) e o brit\u00e2nico Jamie Murray (14\u00ba) ca\u00edram para os poloneses Hugo\u00a0Nys (54\u00ba) e\u00a0Jan Zielinski (42\u00ba) por 2 a 0, com duplo 6\/7 (2\/7 e 6\/8), ap\u00f3s uma hora e 43 minutos.<\/p>\n<p>Pela mesma fase, o ga\u00facho Marcelo Demoliner (173\u00ba) e o portugu\u00eas Jo\u00e3o Sousa (296\u00ba em duplas, 59\u00ba em simples)\u00a0ter\u00e3o pela frente os espanh\u00f3is Feliciano Lopez (70\u00ba) e Jaume Munar (197\u00ba em duplas, 57\u00ba em simples). O\u00a0jogo ainda ser\u00e1 agendado.<\/p>\n<p><span style=\"font-weight: 400;\">Fonte: Ag\u00eancia Brasil <\/span><\/p>\n","protected":false},"excerpt":{"rendered":"<p>A brasileira Beatriz Haddad Maia continua na briga pelo in\u00e9dito t\u00edtulo do US Open, em Nova York (Estados Unidos). Nesta\u00a0sexta-feira (2), pela\u00a0segunda\u00a0rodada, a parceria da paulista, n\u00famero 23 do ranking de duplas da Associa\u00e7\u00e3o de T\u00eanis Feminino (WTA, na sigla em ingl\u00eas), com a cazaque Anna Danilina (18\u00aa), superou\u00a0a da espanhola Aliona Bolsova (86\u00aa) com [&hellip;]<\/p>\n","protected":false},"author":246,"featured_media":203853,"comment_status":"closed","ping_status":"closed","sticky":false,"template":"","format":"standard","meta":{"footnotes":""},"categories":[436,440,257,439],"tags":[],"class_list":["post-203852","post","type-post","status-publish","format-standard","has-post-thumbnail","hentry","category-destaque-da-semana","category-destaques-do-dia","category-esporte","category-ultima-hora"],"_links":{"self":[{"href":"https:\/\/diarioregionaldigital.com.br\/index.php?rest_route=\/wp\/v2\/posts\/203852","targetHints":{"allow":["GET"]}}],"collection":[{"href":"https:\/\/diarioregionaldigital.com.br\/index.php?rest_route=\/wp\/v2\/posts"}],"about":[{"href":"https:\/\/diarioregionaldigital.com.br\/index.php?rest_route=\/wp\/v2\/types\/post"}],"author":[{"embeddable":true,"href":"https:\/\/diarioregionaldigital.com.br\/index.php?rest_route=\/wp\/v2\/users\/246"}],"replies":[{"embeddable":true,"href":"https:\/\/diarioregionaldigital.com.br\/index.php?rest_route=%2Fwp%2Fv2%2Fcomments&post=203852"}],"version-history":[{"count":1,"href":"https:\/\/diarioregionaldigital.com.br\/index.php?rest_route=\/wp\/v2\/posts\/203852\/revisions"}],"predecessor-version":[{"id":203854,"href":"https:\/\/diarioregionaldigital.com.br\/index.php?rest_route=\/wp\/v2\/posts\/203852\/revisions\/203854"}],"wp:featuredmedia":[{"embeddable":true,"href":"https:\/\/diarioregionaldigital.com.br\/index.php?rest_route=\/wp\/v2\/media\/203853"}],"wp:attachment":[{"href":"https:\/\/diarioregionaldigital.com.br\/index.php?rest_route=%2Fwp%2Fv2%2Fmedia&parent=203852"}],"wp:term":[{"taxonomy":"category","embeddable":true,"href":"https:\/\/diarioregionaldigital.com.br\/index.php?rest_route=%2Fwp%2Fv2%2Fcategories&post=203852"},{"taxonomy":"post_tag","embeddable":true,"href":"https:\/\/diarioregionaldigital.com.br\/index.php?rest_route=%2Fwp%2Fv2%2Ftags&post=203852"}],"curies":[{"name":"wp","href":"https:\/\/api.w.org\/{rel}","templated":true}]}}