{"id":203849,"date":"2022-09-02T20:08:47","date_gmt":"2022-09-02T23:08:47","guid":{"rendered":"https:\/\/diarioregionaldigital.com.br\/?p=203849"},"modified":"2022-09-02T20:08:47","modified_gmt":"2022-09-02T23:08:47","slug":"tse-cria-nucleo-de-inteligencia-para-combater-violencia-nas-eleicoes","status":"publish","type":"post","link":"https:\/\/diarioregionaldigital.com.br\/?p=203849","title":{"rendered":"TSE cria n\u00facleo de intelig\u00eancia para combater viol\u00eancia nas elei\u00e7\u00f5es"},"content":{"rendered":"<p>O Tribunal Superior Eleitoral (TSE) anunciou, nesta quinta-feira (1\u00b0), a cria\u00e7\u00e3o de um n\u00facleo de intelig\u00eancia para combater a viol\u00eancia pol\u00edtica nas elei\u00e7\u00f5es de outubro.\u00a0<img decoding=\"async\" src=\"https:\/\/agenciabrasil.ebc.com.br\/ebc.png?id=1480437&amp;o=node\" \/><img decoding=\"async\" src=\"https:\/\/agenciabrasil.ebc.com.br\/ebc.gif?id=1480437&amp;o=node\" \/><\/p>\n<p>De acordo com portaria publicada pelo tribunal, o n\u00facleo ser\u00e1 respons\u00e1vel pela coleta de dados e pelo processamento de informa\u00e7\u00f5es de seguran\u00e7a p\u00fablica durante o pleito.<\/p>\n<p>O grupo ser\u00e1 composto pelo presidente do TSE, ministro Alexandre de Moraes, tr\u00eas representantes do tribunal e tr\u00eas representantes\u00a0 do Conselho Nacional de Comandantes-Gerais das Pol\u00edcias Militares.<\/p>\n<p>A forma de atua\u00e7\u00e3o e demais medidas ser\u00e3o definidas na primeira reuni\u00e3o do n\u00facleo, que ainda n\u00e3o foi marcada.<\/p>\n<p>A implanta\u00e7\u00e3o do grupo foi definida em julho, ap\u00f3s reuni\u00e3o de Moraes com os comandantes-gerais das pol\u00edcias militares para discutir a seguran\u00e7a das elei\u00e7\u00f5es.<\/p>\n<p><span style=\"font-weight: 400;\">Fonte: Ag\u00eancia Brasil <\/span><\/p>\n","protected":false},"excerpt":{"rendered":"<p>O Tribunal Superior Eleitoral (TSE) anunciou, nesta quinta-feira (1\u00b0), a cria\u00e7\u00e3o de um n\u00facleo de intelig\u00eancia para combater a viol\u00eancia pol\u00edtica nas elei\u00e7\u00f5es de outubro.\u00a0 De acordo com portaria publicada pelo tribunal, o n\u00facleo ser\u00e1 respons\u00e1vel pela coleta de dados e pelo processamento de informa\u00e7\u00f5es de seguran\u00e7a p\u00fablica durante o pleito. O grupo ser\u00e1 composto [&hellip;]<\/p>\n","protected":false},"author":246,"featured_media":203850,"comment_status":"closed","ping_status":"closed","sticky":false,"template":"","format":"standard","meta":{"footnotes":""},"categories":[436,254,439],"tags":[],"class_list":["post-203849","post","type-post","status-publish","format-standard","has-post-thumbnail","hentry","category-destaque-da-semana","category-politica","category-ultima-hora"],"_links":{"self":[{"href":"https:\/\/diarioregionaldigital.com.br\/index.php?rest_route=\/wp\/v2\/posts\/203849","targetHints":{"allow":["GET"]}}],"collection":[{"href":"https:\/\/diarioregionaldigital.com.br\/index.php?rest_route=\/wp\/v2\/posts"}],"about":[{"href":"https:\/\/diarioregionaldigital.com.br\/index.php?rest_route=\/wp\/v2\/types\/post"}],"author":[{"embeddable":true,"href":"https:\/\/diarioregionaldigital.com.br\/index.php?rest_route=\/wp\/v2\/users\/246"}],"replies":[{"embeddable":true,"href":"https:\/\/diarioregionaldigital.com.br\/index.php?rest_route=%2Fwp%2Fv2%2Fcomments&post=203849"}],"version-history":[{"count":1,"href":"https:\/\/diarioregionaldigital.com.br\/index.php?rest_route=\/wp\/v2\/posts\/203849\/revisions"}],"predecessor-version":[{"id":203851,"href":"https:\/\/diarioregionaldigital.com.br\/index.php?rest_route=\/wp\/v2\/posts\/203849\/revisions\/203851"}],"wp:featuredmedia":[{"embeddable":true,"href":"https:\/\/diarioregionaldigital.com.br\/index.php?rest_route=\/wp\/v2\/media\/203850"}],"wp:attachment":[{"href":"https:\/\/diarioregionaldigital.com.br\/index.php?rest_route=%2Fwp%2Fv2%2Fmedia&parent=203849"}],"wp:term":[{"taxonomy":"category","embeddable":true,"href":"https:\/\/diarioregionaldigital.com.br\/index.php?rest_route=%2Fwp%2Fv2%2Fcategories&post=203849"},{"taxonomy":"post_tag","embeddable":true,"href":"https:\/\/diarioregionaldigital.com.br\/index.php?rest_route=%2Fwp%2Fv2%2Ftags&post=203849"}],"curies":[{"name":"wp","href":"https:\/\/api.w.org\/{rel}","templated":true}]}}