{"id":203846,"date":"2022-09-02T19:58:50","date_gmt":"2022-09-02T22:58:50","guid":{"rendered":"https:\/\/diarioregionaldigital.com.br\/?p=203846"},"modified":"2022-09-02T19:58:50","modified_gmt":"2022-09-02T22:58:50","slug":"cnj-vai-punir-declaracoes-de-juizes-contra-o-sistema-eleitoral","status":"publish","type":"post","link":"https:\/\/diarioregionaldigital.com.br\/?p=203846","title":{"rendered":"CNJ vai punir declara\u00e7\u00f5es de ju\u00edzes contra o sistema eleitoral"},"content":{"rendered":"<p>O Conselho Nacional de Justi\u00e7a (CNJ) baixou hoje (2) uma regra para impedir que ju\u00edzes fa\u00e7am manifesta\u00e7\u00f5es p\u00fablicas nas redes sociais e na imprensa contra o sistema eletr\u00f4nico de vota\u00e7\u00e3o. As regras ter\u00e3o validade para todo o per\u00edodo eleitoral e permanecer\u00e3o depois das elei\u00e7\u00f5es.<img decoding=\"async\" src=\"https:\/\/agenciabrasil.ebc.com.br\/ebc.png?id=1480636&amp;o=node\" \/><img decoding=\"async\" src=\"https:\/\/agenciabrasil.ebc.com.br\/ebc.gif?id=1480636&amp;o=node\" \/><\/p>\n<p>Conforme o Provimento 135 da corregedoria do CNJ, tamb\u00e9m ficam vedadas aos magistrados a associa\u00e7\u00e3o da imagem pessoal ou profissional a pessoas p\u00fablicas, ve\u00edculos de comunica\u00e7\u00e3o, p\u00e1ginas na internet, podcasts, empresas e organiza\u00e7\u00f5es sociais que &#8220;colaborem para deteriora\u00e7\u00e3o da credibilidade dos sistemas judicial e eleitoral brasileiros ou que fomentem a desconfian\u00e7a social acerca da Justi\u00e7a, seguran\u00e7a e transpar\u00eancias das elei\u00e7\u00f5es&#8221;.<\/p>\n<p>Os ju\u00edzes ter\u00e3o at\u00e9 20 de setembro para ajustarem suas redes sociais antes de serem atingidos pela restri\u00e7\u00e3o. O descumprimento levar\u00e1 \u00e0 abertura de processo disciplinar.<\/p>\n<h2>Uso educativo<\/h2>\n<p>Contudo, a norma libera os ju\u00edzes para &#8220;uso educativo das redes sociais e canais de comunica\u00e7\u00e3o&#8221; para promo\u00e7\u00e3o dos direitos pol\u00edticos e da confian\u00e7a na integridade do sistema de vota\u00e7\u00e3o.<\/p>\n<p>&#8220;Os magistrados, investidos ou n\u00e3o em fun\u00e7\u00e3o eleitoral, devem manter conduta irrepreens\u00edvel em sua vida p\u00fablica e privada e adotar postura especialmente voltada a estimular a confian\u00e7a social acerca da idoneidade, credibilidade do processo eleitoral brasileiro e da fundamentalidade das institui\u00e7\u00f5es judici\u00e1rias&#8221;, diz a norma.<\/p>\n<h2>Julgamento<\/h2>\n<p>O provimento tamb\u00e9m determina a cria\u00e7\u00e3o de ju\u00edzos para julgar crimes violentos com motiva\u00e7\u00e3o partid\u00e1ria.<\/p>\n<p>No texto, o crime foi definido como toda conduta praticada com viol\u00eancia moral ou f\u00edsica que tenha como motiva\u00e7\u00e3o quest\u00f5es pol\u00edticas, intoler\u00e2ncia ideol\u00f3gica e inconformismo com os valores do Estado democr\u00e1tico de direito e relacionados \u00e0 legitimidade das elei\u00e7\u00f5es, \u00e0 liberdade de express\u00e3o e \u00e0 posse dos eleitos.<\/p>\n<p>O documento \u00e9 assinado pelo corregedor-nacional de Justi\u00e7a, Luis Felipe Salom\u00e3o, que<a href=\"https:\/\/agenciabrasil.ebc.com.br\/justica\/noticia\/2022-08\/luis-felipe-salomao-toma-posse-como-corregedor-nacional-de-justica\" target=\"_blank\" rel=\"noopener\">\u00a0tomou posse<\/a>\u00a0na ter\u00e7a-feira (30).<\/p>\n<p>Mais cedo, Salom\u00e3o e o presidente do Tribunal Superior Eleitoral (TSE), ministro Alexandre de Moraes, assinaram um acordo de coopera\u00e7\u00e3o para reprimir condutas que possam causar perturba\u00e7\u00f5es ao processo eleitoral.<\/p>\n<p><span style=\"font-weight: 400;\"><br \/>\n<\/span><span style=\"font-weight: 400;\">Fonte: Ag\u00eancia Brasil <\/span><\/p>\n","protected":false},"excerpt":{"rendered":"<p>O Conselho Nacional de Justi\u00e7a (CNJ) baixou hoje (2) uma regra para impedir que ju\u00edzes fa\u00e7am manifesta\u00e7\u00f5es p\u00fablicas nas redes sociais e na imprensa contra o sistema eletr\u00f4nico de vota\u00e7\u00e3o. As regras ter\u00e3o validade para todo o per\u00edodo eleitoral e permanecer\u00e3o depois das elei\u00e7\u00f5es. Conforme o Provimento 135 da corregedoria do CNJ, tamb\u00e9m ficam vedadas [&hellip;]<\/p>\n","protected":false},"author":246,"featured_media":203847,"comment_status":"closed","ping_status":"closed","sticky":false,"template":"","format":"standard","meta":{"footnotes":""},"categories":[436,254,439],"tags":[],"class_list":["post-203846","post","type-post","status-publish","format-standard","has-post-thumbnail","hentry","category-destaque-da-semana","category-politica","category-ultima-hora"],"_links":{"self":[{"href":"https:\/\/diarioregionaldigital.com.br\/index.php?rest_route=\/wp\/v2\/posts\/203846","targetHints":{"allow":["GET"]}}],"collection":[{"href":"https:\/\/diarioregionaldigital.com.br\/index.php?rest_route=\/wp\/v2\/posts"}],"about":[{"href":"https:\/\/diarioregionaldigital.com.br\/index.php?rest_route=\/wp\/v2\/types\/post"}],"author":[{"embeddable":true,"href":"https:\/\/diarioregionaldigital.com.br\/index.php?rest_route=\/wp\/v2\/users\/246"}],"replies":[{"embeddable":true,"href":"https:\/\/diarioregionaldigital.com.br\/index.php?rest_route=%2Fwp%2Fv2%2Fcomments&post=203846"}],"version-history":[{"count":1,"href":"https:\/\/diarioregionaldigital.com.br\/index.php?rest_route=\/wp\/v2\/posts\/203846\/revisions"}],"predecessor-version":[{"id":203848,"href":"https:\/\/diarioregionaldigital.com.br\/index.php?rest_route=\/wp\/v2\/posts\/203846\/revisions\/203848"}],"wp:featuredmedia":[{"embeddable":true,"href":"https:\/\/diarioregionaldigital.com.br\/index.php?rest_route=\/wp\/v2\/media\/203847"}],"wp:attachment":[{"href":"https:\/\/diarioregionaldigital.com.br\/index.php?rest_route=%2Fwp%2Fv2%2Fmedia&parent=203846"}],"wp:term":[{"taxonomy":"category","embeddable":true,"href":"https:\/\/diarioregionaldigital.com.br\/index.php?rest_route=%2Fwp%2Fv2%2Fcategories&post=203846"},{"taxonomy":"post_tag","embeddable":true,"href":"https:\/\/diarioregionaldigital.com.br\/index.php?rest_route=%2Fwp%2Fv2%2Ftags&post=203846"}],"curies":[{"name":"wp","href":"https:\/\/api.w.org\/{rel}","templated":true}]}}