{"id":203843,"date":"2022-09-02T19:54:01","date_gmt":"2022-09-02T22:54:01","guid":{"rendered":"https:\/\/diarioregionaldigital.com.br\/?p=203843"},"modified":"2022-09-02T19:54:01","modified_gmt":"2022-09-02T22:54:01","slug":"nao-ha-nada-secreto-na-justica-eleitoral-afirma-presidente-do-tse","status":"publish","type":"post","link":"https:\/\/diarioregionaldigital.com.br\/?p=203843","title":{"rendered":"\u201cN\u00e3o h\u00e1 nada secreto na Justi\u00e7a Eleitoral\u201d, afirma presidente do TSE"},"content":{"rendered":"<p>O presidente do Tribunal Superior Eleitoral (TSE), ministro Alexandre de Moraes, afirmou hoje (2) n\u00e3o haver segredos na Justi\u00e7a Eleitoral, que busca constantemente dar o m\u00e1ximo de transpar\u00eancia aos processos eleitorais.<img decoding=\"async\" src=\"https:\/\/agenciabrasil.ebc.com.br\/ebc.png?id=1480506&amp;o=node\" \/><img decoding=\"async\" src=\"https:\/\/agenciabrasil.ebc.com.br\/ebc.gif?id=1480506&amp;o=node\" \/><\/p>\n<p>As declara\u00e7\u00f5es de Moraes foram dadas no encerramento da cerim\u00f4nia de assinatura digital e lacra\u00e7\u00e3o das urnas eletr\u00f4nicas, na sede do TSE. O ministro destacou que neste ano houve um n\u00famero de pessoas e institui\u00e7\u00f5es interessadas em acompanhar a solenidade presencialmente bem maior do que em pleitos anteriores.<\/p>\n<p>\u201cIsso legitima cada vez mais a Justi\u00e7a Eleitoral e demonstra que a Justi\u00e7a Eleitoral atua de forma p\u00fablica, transparente, e de que confia em seus sistemas\u201d, disse o presidente do TSE. \u201cN\u00e3o h\u00e1 nada de secreto na Justi\u00e7a Eleitoral, a \u00fanica coisa secreta e sigilosa \u00e9 o voto da eleitora e do eleitor\u201d, afirmou o ministro.<\/p>\n<p>A cerim\u00f4nia de assinatura e lacre das urnas \u00e9 um evento p\u00fablico que ocorre a cada elei\u00e7\u00e3o e marca o fim da etapa de desenvolvimento e inspe\u00e7\u00e3o dos sistemas eleitorais. Durante a cerim\u00f4nia, que teve in\u00edcio na segunda-feira (29), t\u00e9cnicos do TSE compilam as vers\u00f5es definitivas de todos os programas e apresentam o resultado final para uma \u00faltima confer\u00eancia pelas dezenas de entidades fiscalizadoras da elei\u00e7\u00e3o.<\/p>\n<p>Feita a verifica\u00e7\u00e3o, a entidade fiscalizadora pode assinar digitalmente a vers\u00e3o final dos\u00a0<em>softwares<\/em>. A partir de ent\u00e3o, caso haja alguma modifica\u00e7\u00e3o intencional ou erro durante a c\u00f3pia, a assinatura se torna inv\u00e1lida. \u201cIsso garante a autenticidade do programa, confirmando que ele tem origem oficial e foi gerado pelo TSE\u201d, disse o tribunal.<\/p>\n<p>Neste ano, houve ades\u00e3o recorde ao procedimento de assinatura digital externa dos programas utilizados nas urnas eletr\u00f4nicas e nos demais sistemas de vota\u00e7\u00e3o. De acordo com a Secretaria de Tecnologia da Informa\u00e7\u00e3o do TSE, o Minist\u00e9rio P\u00fablico Eleitoral, a Ordem dos Advogados do Brasil (OAB), a Controladoria-Geral da Uni\u00e3o (CGU), o PTB e as For\u00e7as Armadas assinaram a vers\u00e3o final dos programas.<\/p>\n<p>O \u00faltimo a fazer a assinatura digital foi o presidente do TSE, Alexandre de Moraes. Em seguida, foi feita a lacra\u00e7\u00e3o dos sistemas de vota\u00e7\u00e3o, que ficam armazenados em m\u00eddia n\u00e3o-regrav\u00e1vel, depositados em envelope tamb\u00e9m assinado manualmente e depois trancados em uma sala-cofre na sede do TSE.<\/p>\n<h2>Cronograma<\/h2>\n<p>De acordo com o cronograma de auditorias da urna eletr\u00f4nica e do processo de vota\u00e7\u00e3o, a pr\u00f3xima etapa ser\u00e1 a cerim\u00f4nia, tamb\u00e9m p\u00fablica, em que as m\u00eddias lacradas ser\u00e3o copiadas e as c\u00f3pias ser\u00e3o enviadas aos Tribunais Regionais Eleitorais (TREs).<\/p>\n<p>Uma vez nos TREs, mais uma cerim\u00f4nia p\u00fablica deve ser realizada para que os dados sejam inseridos manualmente, por uma porta espec\u00edfica, em cada urna, j\u00e1 que o equipamento n\u00e3o possui nenhuma capacidade de conex\u00e3o em rede. O passo a passo de todos os processos pode ser conhecido no\u00a0<a href=\"https:\/\/www.justicaeleitoral.jus.br\/urna-eletronica\/oportunidades-de-auditoria-e-fiscalizacao.html\" target=\"_blank\" rel=\"noopener\">portal da Justi\u00e7a Eleitoral<\/a>.<\/p>\n<p><span style=\"font-weight: 400;\"><br \/>\n<\/span><span style=\"font-weight: 400;\">Fonte: Ag\u00eancia Brasil <\/span><\/p>\n","protected":false},"excerpt":{"rendered":"<p>O presidente do Tribunal Superior Eleitoral (TSE), ministro Alexandre de Moraes, afirmou hoje (2) n\u00e3o haver segredos na Justi\u00e7a Eleitoral, que busca constantemente dar o m\u00e1ximo de transpar\u00eancia aos processos eleitorais. As declara\u00e7\u00f5es de Moraes foram dadas no encerramento da cerim\u00f4nia de assinatura digital e lacra\u00e7\u00e3o das urnas eletr\u00f4nicas, na sede do TSE. O ministro [&hellip;]<\/p>\n","protected":false},"author":246,"featured_media":203844,"comment_status":"closed","ping_status":"closed","sticky":false,"template":"","format":"standard","meta":{"footnotes":""},"categories":[436,254,439],"tags":[],"class_list":["post-203843","post","type-post","status-publish","format-standard","has-post-thumbnail","hentry","category-destaque-da-semana","category-politica","category-ultima-hora"],"_links":{"self":[{"href":"https:\/\/diarioregionaldigital.com.br\/index.php?rest_route=\/wp\/v2\/posts\/203843","targetHints":{"allow":["GET"]}}],"collection":[{"href":"https:\/\/diarioregionaldigital.com.br\/index.php?rest_route=\/wp\/v2\/posts"}],"about":[{"href":"https:\/\/diarioregionaldigital.com.br\/index.php?rest_route=\/wp\/v2\/types\/post"}],"author":[{"embeddable":true,"href":"https:\/\/diarioregionaldigital.com.br\/index.php?rest_route=\/wp\/v2\/users\/246"}],"replies":[{"embeddable":true,"href":"https:\/\/diarioregionaldigital.com.br\/index.php?rest_route=%2Fwp%2Fv2%2Fcomments&post=203843"}],"version-history":[{"count":1,"href":"https:\/\/diarioregionaldigital.com.br\/index.php?rest_route=\/wp\/v2\/posts\/203843\/revisions"}],"predecessor-version":[{"id":203845,"href":"https:\/\/diarioregionaldigital.com.br\/index.php?rest_route=\/wp\/v2\/posts\/203843\/revisions\/203845"}],"wp:featuredmedia":[{"embeddable":true,"href":"https:\/\/diarioregionaldigital.com.br\/index.php?rest_route=\/wp\/v2\/media\/203844"}],"wp:attachment":[{"href":"https:\/\/diarioregionaldigital.com.br\/index.php?rest_route=%2Fwp%2Fv2%2Fmedia&parent=203843"}],"wp:term":[{"taxonomy":"category","embeddable":true,"href":"https:\/\/diarioregionaldigital.com.br\/index.php?rest_route=%2Fwp%2Fv2%2Fcategories&post=203843"},{"taxonomy":"post_tag","embeddable":true,"href":"https:\/\/diarioregionaldigital.com.br\/index.php?rest_route=%2Fwp%2Fv2%2Ftags&post=203843"}],"curies":[{"name":"wp","href":"https:\/\/api.w.org\/{rel}","templated":true}]}}