{"id":203840,"date":"2022-09-02T19:51:57","date_gmt":"2022-09-02T22:51:57","guid":{"rendered":"https:\/\/diarioregionaldigital.com.br\/?p=203840"},"modified":"2022-09-02T19:51:57","modified_gmt":"2022-09-02T22:51:57","slug":"pedidos-de-voto-em-transito-crescem-278-diz-tse","status":"publish","type":"post","link":"https:\/\/diarioregionaldigital.com.br\/?p=203840","title":{"rendered":"Pedidos de voto em tr\u00e2nsito crescem 278%, diz TSE"},"content":{"rendered":"<p>O Tribunal Superior Eleitoral (TSE) informou hoje (2), em Bras\u00edlia, que foram recebidos 332,5 mil pedidos de voto em tr\u00e2nsito para o primeiro turno das elei\u00e7\u00f5es, a ser realizado em 2 de outubro. Para 30 de outubro, data do segundo turno, foram recebidos 314,8 mil requerimentos.\u00a0<img decoding=\"async\" src=\"https:\/\/agenciabrasil.ebc.com.br\/ebc.png?id=1480649&amp;o=node\" \/><img decoding=\"async\" src=\"https:\/\/agenciabrasil.ebc.com.br\/ebc.gif?id=1480649&amp;o=node\" \/><\/p>\n<p>Segundo o TSE, os n\u00fameros representam aumento de 278% em rela\u00e7\u00e3o ao primeiro turno das elei\u00e7\u00f5es presidenciais de 2018, quando foram recebidos 8,9 mil pedidos. Na compara\u00e7\u00e3o com o segundo turno daquele ano, quando foram recebidos\u00a083,4 mil pedidos,\u00a0o crescimento \u00e9 de 277%.<\/p>\n<h2>N\u00fameros<\/h2>\n<p>O estado de S\u00e3o Paulo, maior col\u00e9gio eleitoral do pa\u00eds, registrou\u00a082,3 mil pedidos de voto em tr\u00e2nsito, sendo 38 mil requerimentos solicitados por paulistas que votar\u00e3o fora de sua cidade, mas dentro do estado. O restante (44,3 mil) \u00e9 de eleitores de outros estados que votar\u00e3o em S\u00e3o Paulo.<\/p>\n<p>A data para solicitar voto em tr\u00e2nsito terminou no dia 18 de agosto. Quem\u00a0fez o pedido\u00a0dentro do prazo pode consultar o local de vota\u00e7\u00e3o no aplicativo e-T\u00edtulo e no portal do TSE.<\/p>\n<p><span style=\"font-weight: 400;\">Fonte: Ag\u00eancia Brasil <\/span><\/p>\n","protected":false},"excerpt":{"rendered":"<p>O Tribunal Superior Eleitoral (TSE) informou hoje (2), em Bras\u00edlia, que foram recebidos 332,5 mil pedidos de voto em tr\u00e2nsito para o primeiro turno das elei\u00e7\u00f5es, a ser realizado em 2 de outubro. Para 30 de outubro, data do segundo turno, foram recebidos 314,8 mil requerimentos.\u00a0 Segundo o TSE, os n\u00fameros representam aumento de 278% [&hellip;]<\/p>\n","protected":false},"author":246,"featured_media":203841,"comment_status":"closed","ping_status":"closed","sticky":false,"template":"","format":"standard","meta":{"footnotes":""},"categories":[436,440,254,439],"tags":[],"class_list":["post-203840","post","type-post","status-publish","format-standard","has-post-thumbnail","hentry","category-destaque-da-semana","category-destaques-do-dia","category-politica","category-ultima-hora"],"_links":{"self":[{"href":"https:\/\/diarioregionaldigital.com.br\/index.php?rest_route=\/wp\/v2\/posts\/203840","targetHints":{"allow":["GET"]}}],"collection":[{"href":"https:\/\/diarioregionaldigital.com.br\/index.php?rest_route=\/wp\/v2\/posts"}],"about":[{"href":"https:\/\/diarioregionaldigital.com.br\/index.php?rest_route=\/wp\/v2\/types\/post"}],"author":[{"embeddable":true,"href":"https:\/\/diarioregionaldigital.com.br\/index.php?rest_route=\/wp\/v2\/users\/246"}],"replies":[{"embeddable":true,"href":"https:\/\/diarioregionaldigital.com.br\/index.php?rest_route=%2Fwp%2Fv2%2Fcomments&post=203840"}],"version-history":[{"count":1,"href":"https:\/\/diarioregionaldigital.com.br\/index.php?rest_route=\/wp\/v2\/posts\/203840\/revisions"}],"predecessor-version":[{"id":203842,"href":"https:\/\/diarioregionaldigital.com.br\/index.php?rest_route=\/wp\/v2\/posts\/203840\/revisions\/203842"}],"wp:featuredmedia":[{"embeddable":true,"href":"https:\/\/diarioregionaldigital.com.br\/index.php?rest_route=\/wp\/v2\/media\/203841"}],"wp:attachment":[{"href":"https:\/\/diarioregionaldigital.com.br\/index.php?rest_route=%2Fwp%2Fv2%2Fmedia&parent=203840"}],"wp:term":[{"taxonomy":"category","embeddable":true,"href":"https:\/\/diarioregionaldigital.com.br\/index.php?rest_route=%2Fwp%2Fv2%2Fcategories&post=203840"},{"taxonomy":"post_tag","embeddable":true,"href":"https:\/\/diarioregionaldigital.com.br\/index.php?rest_route=%2Fwp%2Fv2%2Ftags&post=203840"}],"curies":[{"name":"wp","href":"https:\/\/api.w.org\/{rel}","templated":true}]}}