{"id":203830,"date":"2022-09-02T19:34:10","date_gmt":"2022-09-02T22:34:10","guid":{"rendered":"https:\/\/diarioregionaldigital.com.br\/?p=203830"},"modified":"2022-09-02T19:34:10","modified_gmt":"2022-09-02T22:34:10","slug":"dolar-cai-para-r-518-com-dados-de-desemprego-nos-eua","status":"publish","type":"post","link":"https:\/\/diarioregionaldigital.com.br\/?p=203830","title":{"rendered":"D\u00f3lar cai para R$ 5,18 com dados de desemprego nos EUA"},"content":{"rendered":"<p>O aumento do desemprego nos Estados Unidos fez o d\u00f3lar recuar para abaixo de R$ 5,20, ap\u00f3s tr\u00eas dias seguidos de alta. A bolsa de valores subiu, mas n\u00e3o conseguiu reverter a queda acumulada na semana.<\/p>\n<p>O d\u00f3lar comercial fechou esta sexta-feira (2) vendido a R$ 5,185, com recuo de R$ 0,037 (-1,02%). A cota\u00e7\u00e3o chegou a cair para R$ 5,16 por volta das 15h30, mas desacelerou a queda perto do fim das negocia\u00e7\u00f5es.<\/p>\n<p>Apesar da queda de hoje, a moeda norte-americana fechou a semana com alta de 2,11%. Na segunda-feira (29), a divisa tinha ca\u00eddo para R$ 5,03, antes de a divulga\u00e7\u00e3o de dados da economia norte-americana trazerem pessimismo ao mercado internacional. Em 2022, o d\u00f3lar acumula recuo de 7,01%.<\/p>\n<p>Na bolsa de valores, o dia foi marcado pela recupera\u00e7\u00e3o. Depois de tr\u00eas quedas consecutivas, o \u00edndice Ibovespa, da B3, fechou o dia aos 110.864 pontos, com alta de 0,42%. O indicador resistiu \u00e0 queda das bolsas norte-americanas, gra\u00e7as a a\u00e7\u00f5es de construtoras e de bancos. Mesmo com os ganhos de hoje, a bolsa encerrou a semana com recuo de 1,28%.<img decoding=\"async\" src=\"https:\/\/agenciabrasil.ebc.com.br\/ebc.png?id=1480653&amp;o=node\" \/><img decoding=\"async\" src=\"https:\/\/agenciabrasil.ebc.com.br\/ebc.gif?id=1480653&amp;o=node\" \/><\/p>\n<p>O mercado financeiro global teve um dia de al\u00edvio ap\u00f3s a divulga\u00e7\u00e3o de dados mistos do mercado de trabalho norte-americano. Embora a maior economia do planeta tenha criado 315 mil empregos em agosto, a taxa de desemprego subiu para 3,7%, por causa de novas pessoas que passaram a procurar trabalho.<\/p>\n<p>O aumento do desemprego reduziu as press\u00f5es para que o Federal Reserve (Fed, Banco Central norte-americano) eleve os juros em 0,75 ponto percentual na reuni\u00e3o deste m\u00eas. Uma eventual desacelera\u00e7\u00e3o da economia norte-americana poderia fazer o Fed elevar os juros em 0,5 ponto no pr\u00f3ximo encontro.<\/p>\n<p>Taxas mais altas em economias avan\u00e7adas estimulam a fuga de capitais de pa\u00edses emergentes, como o Brasil. Nos \u00faltimos dias, a divulga\u00e7\u00e3o de dados do seguro-desemprego e do desempenho da ind\u00fastria norte-americana provocaram tens\u00e3o no mercado, ao refor\u00e7ar a impress\u00e3o de que as altas de juros recentes ainda n\u00e3o foram suficientes para debelar a infla\u00e7\u00e3o nos Estados Unidos, que est\u00e1 no maior n\u00edvel em 41 anos.<\/p>\n<p><span style=\"font-weight: 400;\">Fonte: Ag\u00eancia Brasil <\/span><\/p>\n","protected":false},"excerpt":{"rendered":"<p>O aumento do desemprego nos Estados Unidos fez o d\u00f3lar recuar para abaixo de R$ 5,20, ap\u00f3s tr\u00eas dias seguidos de alta. A bolsa de valores subiu, mas n\u00e3o conseguiu reverter a queda acumulada na semana. O d\u00f3lar comercial fechou esta sexta-feira (2) vendido a R$ 5,185, com recuo de R$ 0,037 (-1,02%). A cota\u00e7\u00e3o [&hellip;]<\/p>\n","protected":false},"author":246,"featured_media":203831,"comment_status":"closed","ping_status":"closed","sticky":false,"template":"","format":"standard","meta":{"footnotes":""},"categories":[436,261,439],"tags":[],"class_list":["post-203830","post","type-post","status-publish","format-standard","has-post-thumbnail","hentry","category-destaque-da-semana","category-economia","category-ultima-hora"],"_links":{"self":[{"href":"https:\/\/diarioregionaldigital.com.br\/index.php?rest_route=\/wp\/v2\/posts\/203830","targetHints":{"allow":["GET"]}}],"collection":[{"href":"https:\/\/diarioregionaldigital.com.br\/index.php?rest_route=\/wp\/v2\/posts"}],"about":[{"href":"https:\/\/diarioregionaldigital.com.br\/index.php?rest_route=\/wp\/v2\/types\/post"}],"author":[{"embeddable":true,"href":"https:\/\/diarioregionaldigital.com.br\/index.php?rest_route=\/wp\/v2\/users\/246"}],"replies":[{"embeddable":true,"href":"https:\/\/diarioregionaldigital.com.br\/index.php?rest_route=%2Fwp%2Fv2%2Fcomments&post=203830"}],"version-history":[{"count":1,"href":"https:\/\/diarioregionaldigital.com.br\/index.php?rest_route=\/wp\/v2\/posts\/203830\/revisions"}],"predecessor-version":[{"id":203832,"href":"https:\/\/diarioregionaldigital.com.br\/index.php?rest_route=\/wp\/v2\/posts\/203830\/revisions\/203832"}],"wp:featuredmedia":[{"embeddable":true,"href":"https:\/\/diarioregionaldigital.com.br\/index.php?rest_route=\/wp\/v2\/media\/203831"}],"wp:attachment":[{"href":"https:\/\/diarioregionaldigital.com.br\/index.php?rest_route=%2Fwp%2Fv2%2Fmedia&parent=203830"}],"wp:term":[{"taxonomy":"category","embeddable":true,"href":"https:\/\/diarioregionaldigital.com.br\/index.php?rest_route=%2Fwp%2Fv2%2Fcategories&post=203830"},{"taxonomy":"post_tag","embeddable":true,"href":"https:\/\/diarioregionaldigital.com.br\/index.php?rest_route=%2Fwp%2Fv2%2Ftags&post=203830"}],"curies":[{"name":"wp","href":"https:\/\/api.w.org\/{rel}","templated":true}]}}