{"id":203824,"date":"2022-09-02T06:00:29","date_gmt":"2022-09-02T09:00:29","guid":{"rendered":"https:\/\/diarioregionaldigital.com.br\/?p=203824"},"modified":"2022-09-01T22:12:24","modified_gmt":"2022-09-02T01:12:24","slug":"graca","status":"publish","type":"post","link":"https:\/\/diarioregionaldigital.com.br\/?p=203824","title":{"rendered":"Gra\u00e7a"},"content":{"rendered":"<p>Uma d\u00favida que paira na cabe\u00e7a daquele que pleiteia aos p\u00e9s do Senhor \u00e9: ser\u00e1 que eu mere\u00e7o? Saiba que n\u00e3o! Por\u00e9m, mesmo sem merecer, Deus em seu infinito amor nos concede o que pedimos por gra\u00e7a:<\/p>\n<p>\u201cTodavia, Deus, que \u00e9 rico em miseric\u00f3rdia, pelo grande amor com que nos amou, deu-nos vida juntamente com Cristo, quando ainda est\u00e1vamos mortos em transgress\u00f5es \u2014 pela gra\u00e7a voc\u00eas s\u00e3o salvos\u201d (Ef\u00e9sios 2: 4,5).<\/p>\n<p>Acessamos a Gra\u00e7a atrav\u00e9s da f\u00e9:<\/p>\n<p>\u201cTendo sido, pois, justificados pela f\u00e9, temos paz com Deus, por nosso Senhor Jesus Cristo, por meio de quem obtivemos acesso pela f\u00e9 a esta gra\u00e7a na qual agora estamos firmes; e nos gloriamos na esperan\u00e7a da gl\u00f3ria de Deus\u201d (Romanos 5: 1,2).<\/p>\n<p>Quando a f\u00e9 \u00e9 firme, a ora\u00e7\u00e3o \u00e9 poderosa e eficaz: \u201cA ora\u00e7\u00e3o do justo pode muito em seus efeitos\u201d (Tiago 5: 16b).<\/p>\n<p>Por\u00e9m, aqui outra d\u00favida acende, pois quem nesse mundo pode ser designado justo?<\/p>\n<p>\u201cNa verdade que n\u00e3o h\u00e1 homem justo sobre a terra, que fa\u00e7a o bem, e nunca peque\u201d (Eclesiastes 7: 20).<\/p>\n<p>Pelo m\u00e9rito pr\u00f3prio e esfor\u00e7o pessoal, de fato, ningu\u00e9m pode ser chamado justo, por\u00e9m, mais uma vez, pela gra\u00e7a, mediante a f\u00e9, somos justificados:<\/p>\n<p>\u201cSendo justificados gratuitamente pela sua gra\u00e7a, pela reden\u00e7\u00e3o que h\u00e1 em Cristo Jesus. Ao qual Deus prop\u00f4s para propicia\u00e7\u00e3o pela f\u00e9 no seu sangue, para demonstrar a sua justi\u00e7a pela remiss\u00e3o dos pecados dantes cometidos, sob a paci\u00eancia de Deus; Para demonstra\u00e7\u00e3o da sua justi\u00e7a neste tempo presente, para que ele seja justo e justificador daquele que tem f\u00e9 em Jesus. Onde est\u00e1 logo a vangl\u00f3ria? \u00c9 exclu\u00edda. Por qual lei? Das obras? N\u00e3o; mas pela lei da f\u00e9. Conclu\u00edmos, pois, que o homem \u00e9 justificado pela f\u00e9 sem as obras da lei\u201d (Romanos 3: 24-28).<\/p>\n<p>As Escrituras ensinam que pela f\u00e9 em Jesus Cristo, somo justificados, Deus nos declara justos e passamos \u00e0 condi\u00e7\u00e3o de filhos e, como filhos, somos herdeiros daquilo que o Pai nos promete:<\/p>\n<p>\u201cAgora, eu os entrego a Deus e \u00e0 palavra da sua gra\u00e7a, que pode edific\u00e1-los e dar-lhes heran\u00e7a entre todos os que s\u00e3o santificados\u201d (Atos dos Ap\u00f3stolos 20: 32).<\/p>\n<p>Voc\u00ea foi feito(a) filho(a) pela gra\u00e7a de Deus, no sangue derramado de Jesus Cristo, nosso Salvador:<\/p>\n<p>\u201cdando gra\u00e7as ao Pai, que nos tornou dignos de participar da heran\u00e7a dos santos no reino da luz\u201d (Colossenses 1: 12).<\/p>\n<p>Como filho(a) tornou-se herdeiro(a), ent\u00e3o, com confian\u00e7a, confesse o seu dom\u00ednio e tome posse da b\u00ean\u00e7\u00e3o que j\u00e1 lhe foi dada naquela Cruz:<\/p>\n<p>\u201cOro tamb\u00e9m para que os olhos do cora\u00e7\u00e3o de voc\u00eas sejam iluminados, a fim de que voc\u00eas conhe\u00e7am a esperan\u00e7a para a qual ele os chamou, as riquezas da gloriosa heran\u00e7a dele nos Santos\u201d (Ef\u00e9sios 1: 18).<\/p>\n","protected":false},"excerpt":{"rendered":"<p>Uma d\u00favida que paira na cabe\u00e7a daquele que pleiteia aos p\u00e9s do Senhor \u00e9: ser\u00e1 que eu mere\u00e7o? Saiba que n\u00e3o! Por\u00e9m, mesmo sem merecer, Deus em seu infinito amor nos concede o que pedimos por gra\u00e7a: \u201cTodavia, Deus, que \u00e9 rico em miseric\u00f3rdia, pelo grande amor com que nos amou, deu-nos vida juntamente com [&hellip;]<\/p>\n","protected":false},"author":96,"featured_media":0,"comment_status":"closed","ping_status":"closed","sticky":false,"template":"","format":"standard","meta":{"footnotes":""},"categories":[1244],"tags":[],"class_list":["post-203824","post","type-post","status-publish","format-standard","hentry","category-oleg-abramov"],"_links":{"self":[{"href":"https:\/\/diarioregionaldigital.com.br\/index.php?rest_route=\/wp\/v2\/posts\/203824","targetHints":{"allow":["GET"]}}],"collection":[{"href":"https:\/\/diarioregionaldigital.com.br\/index.php?rest_route=\/wp\/v2\/posts"}],"about":[{"href":"https:\/\/diarioregionaldigital.com.br\/index.php?rest_route=\/wp\/v2\/types\/post"}],"author":[{"embeddable":true,"href":"https:\/\/diarioregionaldigital.com.br\/index.php?rest_route=\/wp\/v2\/users\/96"}],"replies":[{"embeddable":true,"href":"https:\/\/diarioregionaldigital.com.br\/index.php?rest_route=%2Fwp%2Fv2%2Fcomments&post=203824"}],"version-history":[{"count":1,"href":"https:\/\/diarioregionaldigital.com.br\/index.php?rest_route=\/wp\/v2\/posts\/203824\/revisions"}],"predecessor-version":[{"id":203825,"href":"https:\/\/diarioregionaldigital.com.br\/index.php?rest_route=\/wp\/v2\/posts\/203824\/revisions\/203825"}],"wp:attachment":[{"href":"https:\/\/diarioregionaldigital.com.br\/index.php?rest_route=%2Fwp%2Fv2%2Fmedia&parent=203824"}],"wp:term":[{"taxonomy":"category","embeddable":true,"href":"https:\/\/diarioregionaldigital.com.br\/index.php?rest_route=%2Fwp%2Fv2%2Fcategories&post=203824"},{"taxonomy":"post_tag","embeddable":true,"href":"https:\/\/diarioregionaldigital.com.br\/index.php?rest_route=%2Fwp%2Fv2%2Ftags&post=203824"}],"curies":[{"name":"wp","href":"https:\/\/api.w.org\/{rel}","templated":true}]}}