{"id":203817,"date":"2022-09-01T19:15:22","date_gmt":"2022-09-01T22:15:22","guid":{"rendered":"https:\/\/diarioregionaldigital.com.br\/?p=203817"},"modified":"2022-09-01T19:15:22","modified_gmt":"2022-09-01T22:15:22","slug":"pjf-da-sequencia-a-pavimentacao-e-ao-recapeamento-na-rua-otavio-malvaccini-no-bairro-santos-dumont","status":"publish","type":"post","link":"https:\/\/diarioregionaldigital.com.br\/?p=203817","title":{"rendered":"PJF d\u00e1 sequ\u00eancia \u00e0 pavimenta\u00e7\u00e3o e ao recapeamento na Rua Ot\u00e1vio Malvaccini no bairro Santos Dumont"},"content":{"rendered":"<p>Segundo informa\u00e7\u00f5es do site da Prefeitura de Juiz de Fora (PJF), as equipes da Prefeitura de Juiz de Fora (PJF) deram sequ\u00eancia, nesta quinta-feira, 1\u00ba, aos servi\u00e7os de pavimenta\u00e7\u00e3o asf\u00e1ltica na Rua Ot\u00e1vio Malvaccini, no bairro Santos Dumont. As obras, iniciadas na \u00faltima segunda-feira de agosto, 29, preveem a cria\u00e7\u00e3o de uma nova base e sub-base em parte da via, al\u00e9m do recapeamento em um trecho de 171 metros. No total, 377 metros da via ir\u00e3o receber manuten\u00e7\u00e3o, com previs\u00e3o de aplica\u00e7\u00e3o de cerca de 437 toneladas de massa asf\u00e1ltica.<\/p>\n<p>&nbsp;<\/p>\n<p>Localizada entre diversos bairros como Santos Dumont e S\u00e3o Pedro, a Rua Ot\u00e1vio Malvaccini tem sido utilizada estrategicamente como via alternativa para quem deseja escapar do tr\u00e2nsito intenso. Com intenso movimento da rua, a interven\u00e7\u00e3o se faz importante e necess\u00e1ria.<\/p>\n<p>&nbsp;<\/p>\n<p><strong>Tapa-buraco tamb\u00e9m segue na cidade<\/strong><\/p>\n<p>&nbsp;<\/p>\n<p>As equipes da Empresa Municipal de Pavimenta\u00e7\u00e3o e Urbanidades (Empav) estiveram em outros nove bairros nesta quinta-feira, 31. Destaque para as ruas Elp\u00eddio Jos\u00e9 dos Reis, Albuquerque de Morais, Escoteiro Fernando C\u00e9sar, Jos\u00e9 Simpliciano Alves e Salvador Del Duca, no bairro Nova Era, e para a avenida Brasil, na altura do bairro Po\u00e7o Rico.<\/p>\n<p>&nbsp;<\/p>\n<p><strong>Veja abaixo a lista completa de bairros atendidos nesta quinta-feira, 1\u00ba:<\/strong><\/p>\n<p>&nbsp;<\/p>\n<p>Nossa Senhora Aparecida<\/p>\n<p>Parque Independ\u00eancia<\/p>\n<p>Nova Era<\/p>\n<p>Po\u00e7o Rico<\/p>\n<p>Santa Efig\u00eania<\/p>\n<p>Vila Ideal<\/p>\n<p>JK<\/p>\n<p>Aeroporto<\/p>\n<p>Borboleta<\/p>\n<p>&nbsp;<\/p>\n<p>Os trabalhos seguem em andamento em v\u00e1rios pontos da cidade e a programa\u00e7\u00e3o completa das atividades realizadas pela Empav pode ser acompanhada diariamente atrav\u00e9s da p\u00e1gina do Gabinete de A\u00e7\u00e3o e Di\u00e1logo Comunit\u00e1rio, pelo<a href=\"https:\/\/www.pjf.mg.gov.br\/gabinetecomunitario\/#onde\">\u00a0link<\/a>.<\/p>\n<p>&nbsp;<\/p>\n<p>Todas as a\u00e7\u00f5es de reestrutura\u00e7\u00e3o, urbaniza\u00e7\u00e3o e zeladoria realizadas pela Empresa Municipal de Pavimenta\u00e7\u00e3o e Urbanidades (Empav) fazem parte do Programa Boniteza. Estes e outros servi\u00e7os podem ser solicitados atrav\u00e9s do Gabinete de A\u00e7\u00e3o e Di\u00e1logo Comunit\u00e1rio, que recebe e organiza pedidos relativos a interven\u00e7\u00f5es e melhorias urbanas. O contato pode ser feito por liga\u00e7\u00e3o telef\u00f4nica, pelo n\u00famero (32) 3690-7241 ou, ainda, via WhatsApp, utilizando o mesmo n\u00famero.<\/p>\n","protected":false},"excerpt":{"rendered":"<p>Segundo informa\u00e7\u00f5es do site da Prefeitura de Juiz de Fora (PJF), as equipes da Prefeitura de Juiz de Fora (PJF) deram sequ\u00eancia, nesta quinta-feira, 1\u00ba, aos servi\u00e7os de pavimenta\u00e7\u00e3o asf\u00e1ltica na Rua Ot\u00e1vio Malvaccini, no bairro Santos Dumont. As obras, iniciadas na \u00faltima segunda-feira de agosto, 29, preveem a cria\u00e7\u00e3o de uma nova base e [&hellip;]<\/p>\n","protected":false},"author":246,"featured_media":203818,"comment_status":"closed","ping_status":"closed","sticky":false,"template":"","format":"standard","meta":{"footnotes":""},"categories":[253,436,439],"tags":[],"class_list":["post-203817","post","type-post","status-publish","format-standard","has-post-thumbnail","hentry","category-cidade","category-destaque-da-semana","category-ultima-hora"],"_links":{"self":[{"href":"https:\/\/diarioregionaldigital.com.br\/index.php?rest_route=\/wp\/v2\/posts\/203817","targetHints":{"allow":["GET"]}}],"collection":[{"href":"https:\/\/diarioregionaldigital.com.br\/index.php?rest_route=\/wp\/v2\/posts"}],"about":[{"href":"https:\/\/diarioregionaldigital.com.br\/index.php?rest_route=\/wp\/v2\/types\/post"}],"author":[{"embeddable":true,"href":"https:\/\/diarioregionaldigital.com.br\/index.php?rest_route=\/wp\/v2\/users\/246"}],"replies":[{"embeddable":true,"href":"https:\/\/diarioregionaldigital.com.br\/index.php?rest_route=%2Fwp%2Fv2%2Fcomments&post=203817"}],"version-history":[{"count":1,"href":"https:\/\/diarioregionaldigital.com.br\/index.php?rest_route=\/wp\/v2\/posts\/203817\/revisions"}],"predecessor-version":[{"id":203819,"href":"https:\/\/diarioregionaldigital.com.br\/index.php?rest_route=\/wp\/v2\/posts\/203817\/revisions\/203819"}],"wp:featuredmedia":[{"embeddable":true,"href":"https:\/\/diarioregionaldigital.com.br\/index.php?rest_route=\/wp\/v2\/media\/203818"}],"wp:attachment":[{"href":"https:\/\/diarioregionaldigital.com.br\/index.php?rest_route=%2Fwp%2Fv2%2Fmedia&parent=203817"}],"wp:term":[{"taxonomy":"category","embeddable":true,"href":"https:\/\/diarioregionaldigital.com.br\/index.php?rest_route=%2Fwp%2Fv2%2Fcategories&post=203817"},{"taxonomy":"post_tag","embeddable":true,"href":"https:\/\/diarioregionaldigital.com.br\/index.php?rest_route=%2Fwp%2Fv2%2Ftags&post=203817"}],"curies":[{"name":"wp","href":"https:\/\/api.w.org\/{rel}","templated":true}]}}