{"id":203812,"date":"2022-09-01T19:12:52","date_gmt":"2022-09-01T22:12:52","guid":{"rendered":"https:\/\/diarioregionaldigital.com.br\/?p=203812"},"modified":"2022-09-01T19:12:52","modified_gmt":"2022-09-01T22:12:52","slug":"exercicios-que-mostram-como-foi-a-educacao-de-dom-pedro-ii-sao-parte-da-nova-exposicao-do-museu-mariano-procopio","status":"publish","type":"post","link":"https:\/\/diarioregionaldigital.com.br\/?p=203812","title":{"rendered":"Exerc\u00edcios que mostram como foi a educa\u00e7\u00e3o de Dom Pedro II s\u00e3o parte da nova exposi\u00e7\u00e3o do Museu Mariano Proc\u00f3pio"},"content":{"rendered":"<p>Segundo informa\u00e7\u00f5es do site da Prefeitura de Juiz de Fora (PJF), faltam seis dias para a reinaugura\u00e7\u00e3o do Museu Mariano Proc\u00f3pio (Mapro)! Como forma de comemorar a data e expor o grande acervo do Museu, a Prefeitura de Juiz de Fora (PJF) est\u00e1 realizando uma recapitula\u00e7\u00e3o das principais obras presentes no Mapro e na exposi\u00e7\u00e3o &#8220;Rememorar o Brasil: a independ\u00eancia e a constru\u00e7\u00e3o do Estado-Na\u00e7\u00e3o&#8221;. Nesta semana, j\u00e1 foram relembradas as <a href=\"https:\/\/www.pjf.mg.gov.br\/noticias\/view.php?modo=link2&amp;idnoticia2=76749\"><strong>vestes de Dom Pedro<\/strong><\/a>, a obra\u00a0<a href=\"https:\/\/www.pjf.mg.gov.br\/noticias\/view.php?modo=link2&amp;idnoticia2=76730\"><strong>Tiradentes Esquartejado<\/strong><\/a>, a\u00a0<a href=\"https:\/\/www.pjf.mg.gov.br\/noticias\/view.php?modo=link2&amp;idnoticia2=76761\"><strong>\u00faltima foto da Fam\u00edlia Imperial<\/strong><\/a><strong>\u00a0<\/strong>e as<strong>\u00a0<\/strong><a href=\"https:\/\/www.pjf.mg.gov.br\/noticias\/view.php?modo=link2&amp;idnoticia2=76782\"><strong>cartas de D Pedro I \u00e0 amante, Marquesa de Santos<\/strong><\/a>.<strong>\u00a0<\/strong>Agora, voc\u00ea conhece um pouco mais sobre exerc\u00edcios da educa\u00e7\u00e3o de Dom Pedro II.<\/p>\n<p>&nbsp;<\/p>\n<p>No passado, a inf\u00e2ncia dos pr\u00edncipes, aqueles que herdariam o trono e se tornariam futuros monarcas, com certeza n\u00e3o foi semelhante \u00e0 de outros garotos da mesma idade. A de D. Pedro II, futuro Imperador do Brasil, foi um pouco solit\u00e1ria e com muito, muito estudo. \u00d3rf\u00e3o de m\u00e3e logo depois de completar um ano de idade e de pai aoscinco, quando D. Pedro I abdica do trono e retorna a Europa, o menino foi criado por tutores que garantiram sua boa educa\u00e7\u00e3o. Algumas li\u00e7\u00f5es feitas pelo pequeno Pedro II podem ser conferidas no acervo do Museu Mariano Proc\u00f3pio.<\/p>\n<p>&nbsp;<\/p>\n<p>Os exerc\u00edcios foram objeto de pesquisa dos historiadores da institui\u00e7\u00e3o, Priscila da Costa P. Boscato e S\u00e9rgio Augusto Vicente, que contam que a primeira coisa que chama aten\u00e7\u00e3o nos manuscritos \u00e9 a beleza e a sofistica\u00e7\u00e3o de sua caligrafia. Mas n\u00e3o apenas isso, o teor moral dos ditados que ele repetia copiosamente tamb\u00e9m chamam aten\u00e7\u00e3o. Em uma das li\u00e7\u00f5es, o pr\u00edncipe copiara: \u201cA necessidade de Religi\u00e3o e Instru\u00e7\u00e3o para a estabilidade dos Imp\u00e9rios, riqueza e gl\u00f3ria dos Imperantes, \u00e9 especialmente consignada na Sagrada Escritura\u201d.<\/p>\n<p>&nbsp;<\/p>\n<p>Segundo os pesquisadores, \u00e9 poss\u00edvel que, em meio aos dilemas familiares e nacionais, a dedica\u00e7\u00e3o aos estudos tenha deixado de ser apenas uma \u00e1rdua obriga\u00e7\u00e3o e se tornado um costume. Ou, ainda, uma esp\u00e9cie de ref\u00fagio dos problemas que atormentavam o jovem pr\u00edncipe. Em seus exerc\u00edcios caligr\u00e1ficos, o jovem, conhecido como \u201c\u00f3rf\u00e3o da na\u00e7\u00e3o\u201d, escrevia frases como, \u201cA felicidade \u00e9 um h\u00e1bito\u201d ou \u201cNada \u00e9 mais gratificante do que o prazer de fazer o bem\u201d e ainda \u201cA sabedoria \u00e9 mais estim\u00e1vel que as for\u00e7as: o homem prudente vale mais que o valoroso\u201d.<\/p>\n<p>&nbsp;<\/p>\n<p>Em meio \u00e0s crises de impopularidade, que chegaram ao auge ap\u00f3s a morte de seu maior opositor, o jornalista Libero Badar\u00f3, Dom Pedro I, que declarou a independ\u00eancia do Brasil, abdicou do trono e retornou a Portugal. No Brasil ficaram seu herdeiro, Dom Pedro II, com as irm\u00e3s Janu\u00e1rio, Paula e Francisca. Antes de deixar o pa\u00eds, por\u00e9m, o pai selecionou pessoas de confian\u00e7a para cuidar da educa\u00e7\u00e3o dos filhos.<\/p>\n","protected":false},"excerpt":{"rendered":"<p>Segundo informa\u00e7\u00f5es do site da Prefeitura de Juiz de Fora (PJF), faltam seis dias para a reinaugura\u00e7\u00e3o do Museu Mariano Proc\u00f3pio (Mapro)! Como forma de comemorar a data e expor o grande acervo do Museu, a Prefeitura de Juiz de Fora (PJF) est\u00e1 realizando uma recapitula\u00e7\u00e3o das principais obras presentes no Mapro e na exposi\u00e7\u00e3o [&hellip;]<\/p>\n","protected":false},"author":246,"featured_media":203813,"comment_status":"closed","ping_status":"closed","sticky":false,"template":"","format":"standard","meta":{"footnotes":""},"categories":[253,436,439],"tags":[],"class_list":["post-203812","post","type-post","status-publish","format-standard","has-post-thumbnail","hentry","category-cidade","category-destaque-da-semana","category-ultima-hora"],"_links":{"self":[{"href":"https:\/\/diarioregionaldigital.com.br\/index.php?rest_route=\/wp\/v2\/posts\/203812","targetHints":{"allow":["GET"]}}],"collection":[{"href":"https:\/\/diarioregionaldigital.com.br\/index.php?rest_route=\/wp\/v2\/posts"}],"about":[{"href":"https:\/\/diarioregionaldigital.com.br\/index.php?rest_route=\/wp\/v2\/types\/post"}],"author":[{"embeddable":true,"href":"https:\/\/diarioregionaldigital.com.br\/index.php?rest_route=\/wp\/v2\/users\/246"}],"replies":[{"embeddable":true,"href":"https:\/\/diarioregionaldigital.com.br\/index.php?rest_route=%2Fwp%2Fv2%2Fcomments&post=203812"}],"version-history":[{"count":2,"href":"https:\/\/diarioregionaldigital.com.br\/index.php?rest_route=\/wp\/v2\/posts\/203812\/revisions"}],"predecessor-version":[{"id":203815,"href":"https:\/\/diarioregionaldigital.com.br\/index.php?rest_route=\/wp\/v2\/posts\/203812\/revisions\/203815"}],"wp:featuredmedia":[{"embeddable":true,"href":"https:\/\/diarioregionaldigital.com.br\/index.php?rest_route=\/wp\/v2\/media\/203813"}],"wp:attachment":[{"href":"https:\/\/diarioregionaldigital.com.br\/index.php?rest_route=%2Fwp%2Fv2%2Fmedia&parent=203812"}],"wp:term":[{"taxonomy":"category","embeddable":true,"href":"https:\/\/diarioregionaldigital.com.br\/index.php?rest_route=%2Fwp%2Fv2%2Fcategories&post=203812"},{"taxonomy":"post_tag","embeddable":true,"href":"https:\/\/diarioregionaldigital.com.br\/index.php?rest_route=%2Fwp%2Fv2%2Ftags&post=203812"}],"curies":[{"name":"wp","href":"https:\/\/api.w.org\/{rel}","templated":true}]}}