{"id":203806,"date":"2022-09-01T19:07:05","date_gmt":"2022-09-01T22:07:05","guid":{"rendered":"https:\/\/diarioregionaldigital.com.br\/?p=203806"},"modified":"2022-09-01T19:07:05","modified_gmt":"2022-09-01T22:07:05","slug":"defesa-civil-instala-placas-para-alerta-sobre-risco-de-alagamento","status":"publish","type":"post","link":"https:\/\/diarioregionaldigital.com.br\/?p=203806","title":{"rendered":"Defesa Civil instala placas para alerta sobre risco de alagamento"},"content":{"rendered":"<p>Segundo informa\u00e7\u00f5es do site da Prefeitura de Juiz de Fora (PJF), como parte das a\u00e7\u00f5es preventivas para o per\u00edodo chuvoso, a Defesa Civil da Prefeitura de Juiz de Fora (PJF) intensificou as informa\u00e7\u00f5es sobre risco de alagamento nas ruas Severino Meireles; Dr. Jos\u00e9 Ces\u00e1rio; e em trecho da Avenida Bar\u00e3o do Rio Branco localizado no bairro Alto dos Passos. Nesta ter\u00e7a-feira, 30, foram instaladas placas informativas alertando sobre o risco na \u00e1rea.<br \/>\nA medida preventiva atende ao pedido dos moradores. Ao analisar a solicita\u00e7\u00e3o, a Defesa Civil identificou a necessidade de ampliar a divulga\u00e7\u00e3o sobre o risco de alagamento no local durante as chuvas. De acordo com Joviano Assis, engenheiro civil e assessor da Defesa Civil, esse procedimento \u00e9 essencial para comunicar os riscos e evitar desastres, principalmente pelo local ser constantemente frequentado por pessoas de outras cidades. \u201cAs placas foram colocadas em pontos estrat\u00e9gicos ao longo da via para que todos tenham acesso \u00e0 informa\u00e7\u00e3o. Assim, evita que as pessoas sejam surpreendidas em dias de chuva intensa com danos em ve\u00edculos estacionados nas ruas. \u00c9 uma \u00e1rea muito acessada por moradores de outros bairros e at\u00e9 de outros munic\u00edpios, j\u00e1 que engloba o HPS, faculdades e um vasto com\u00e9rcio local\u201d, explica.<\/p>\n<p>O trecho historicamente passa por ocorr\u00eancias de alagamentos em per\u00edodos chuvosos e \u00e9 uma \u00e1rea monitorada pela Defesa Civil. Na \u00faltima semana, servidores da Defesa Civil e do Corpo de Bombeiros Militar foram a campo realizar vistorias preventivas nos dispositivos de drenagem da regi\u00e3o,\u00a0 orientar os moradores da regi\u00e3o e determinar os melhores pontos para instala\u00e7\u00e3o das placas. Al\u00e9m disso, foram identificadas medidas de mitiga\u00e7\u00e3o necess\u00e1rias &#8211; como a desobstru\u00e7\u00e3o de bocas de lobo &#8211; e a demanda foi encaminhada para o Gabinete de A\u00e7\u00e3o e Di\u00e1logo Comunit\u00e1rio (GADC), setor da Secretaria de Governo (SG) que planeja as a\u00e7\u00f5es de zeladoria do munic\u00edpio.<\/p>\n","protected":false},"excerpt":{"rendered":"<p>Segundo informa\u00e7\u00f5es do site da Prefeitura de Juiz de Fora (PJF), como parte das a\u00e7\u00f5es preventivas para o per\u00edodo chuvoso, a Defesa Civil da Prefeitura de Juiz de Fora (PJF) intensificou as informa\u00e7\u00f5es sobre risco de alagamento nas ruas Severino Meireles; Dr. Jos\u00e9 Ces\u00e1rio; e em trecho da Avenida Bar\u00e3o do Rio Branco localizado no [&hellip;]<\/p>\n","protected":false},"author":246,"featured_media":203807,"comment_status":"closed","ping_status":"closed","sticky":false,"template":"","format":"standard","meta":{"footnotes":""},"categories":[253,436,440,439],"tags":[],"class_list":["post-203806","post","type-post","status-publish","format-standard","has-post-thumbnail","hentry","category-cidade","category-destaque-da-semana","category-destaques-do-dia","category-ultima-hora"],"_links":{"self":[{"href":"https:\/\/diarioregionaldigital.com.br\/index.php?rest_route=\/wp\/v2\/posts\/203806","targetHints":{"allow":["GET"]}}],"collection":[{"href":"https:\/\/diarioregionaldigital.com.br\/index.php?rest_route=\/wp\/v2\/posts"}],"about":[{"href":"https:\/\/diarioregionaldigital.com.br\/index.php?rest_route=\/wp\/v2\/types\/post"}],"author":[{"embeddable":true,"href":"https:\/\/diarioregionaldigital.com.br\/index.php?rest_route=\/wp\/v2\/users\/246"}],"replies":[{"embeddable":true,"href":"https:\/\/diarioregionaldigital.com.br\/index.php?rest_route=%2Fwp%2Fv2%2Fcomments&post=203806"}],"version-history":[{"count":1,"href":"https:\/\/diarioregionaldigital.com.br\/index.php?rest_route=\/wp\/v2\/posts\/203806\/revisions"}],"predecessor-version":[{"id":203808,"href":"https:\/\/diarioregionaldigital.com.br\/index.php?rest_route=\/wp\/v2\/posts\/203806\/revisions\/203808"}],"wp:featuredmedia":[{"embeddable":true,"href":"https:\/\/diarioregionaldigital.com.br\/index.php?rest_route=\/wp\/v2\/media\/203807"}],"wp:attachment":[{"href":"https:\/\/diarioregionaldigital.com.br\/index.php?rest_route=%2Fwp%2Fv2%2Fmedia&parent=203806"}],"wp:term":[{"taxonomy":"category","embeddable":true,"href":"https:\/\/diarioregionaldigital.com.br\/index.php?rest_route=%2Fwp%2Fv2%2Fcategories&post=203806"},{"taxonomy":"post_tag","embeddable":true,"href":"https:\/\/diarioregionaldigital.com.br\/index.php?rest_route=%2Fwp%2Fv2%2Ftags&post=203806"}],"curies":[{"name":"wp","href":"https:\/\/api.w.org\/{rel}","templated":true}]}}