{"id":203800,"date":"2022-09-01T19:02:42","date_gmt":"2022-09-01T22:02:42","guid":{"rendered":"https:\/\/diarioregionaldigital.com.br\/?p=203800"},"modified":"2022-09-01T19:02:42","modified_gmt":"2022-09-01T22:02:42","slug":"us-open-thiago-monteiro-e-eliminado-e-rafael-matos-perde-nas-mistas","status":"publish","type":"post","link":"https:\/\/diarioregionaldigital.com.br\/?p=203800","title":{"rendered":"US Open: Thiago Monteiro \u00e9 eliminado e Rafael Matos perde nas mistas"},"content":{"rendered":"<p>O brasileiro Thiago Monteiro deu adeus ao US Open. Nesta quarta-feira (31), pela segunda rodada da chave masculina de simples do Grand Slam disputado em Nova York (Estados Unidos), o cearense, n\u00famero 67 do ranking da Associa\u00e7\u00e3o dos Tenistas Profissionais (ATP), perdeu do russo Karen Khachanov (31\u00ba) por 3 sets a 1 (3\/6, 3\/6, 7\/5 e 4\/6), em duas horas e 57 minutos de jogo.<img decoding=\"async\" src=\"https:\/\/agenciabrasil.ebc.com.br\/ebc.png?id=1480228&amp;o=node\" \/><img decoding=\"async\" src=\"https:\/\/agenciabrasil.ebc.com.br\/ebc.gif?id=1480228&amp;o=node\" \/><\/p>\n<p>Apesar da elimina\u00e7\u00e3o, foi a melhor campanha de Thiago no US Open. Nas quatro participa\u00e7\u00f5es anteriores no torneio de simples (2017, 2019, 2020 e 2021), o brasileiro sequer havia passado da primeira rodada. Ele se classificou \u00e0 etapa seguinte somente nas duplas masculinas, em 2021.<\/p>\n<p>Outro brasileiro superado nesta quarta foi Rafael Matos, na primeira rodada das duplas mistas. A parceria do ga\u00facho, n\u00famero 38 do mundo entre os duplistas homens, com a ucraniana Lyudmyla Kichenok, 11\u00aa no ranking da Associa\u00e7\u00e3o de T\u00eanis Feminino (WTA, na sigla em ingl\u00eas), n\u00e3o resistiu ao espanhol David Vega Hernandez (40\u00ba da ATP) e \u00e0 let\u00e3 Jelena Ostapenko (9\u00aa da WTA), que venceram por 2 sets a 0, com parciais de 2\/6 e 6\/7 (5\/7), em uma hora e 12 minutos. Ele era o \u00fanico representante do pa\u00eds na chave.<\/p>\n<p>Hernandez, ali\u00e1s, ser\u00e1 o parceiro de Rafael nas duplas masculinas. Eles iniciam a caminhada no US Open nesta quinta-feira (1), contra o franc\u00eas Fabien Reboul (69\u00ba) e o equatoriano Diego Hidalgo (79\u00ba). O duelo come\u00e7a logo ap\u00f3s a estreia do mineiro Bruno Soares (33\u00ba) e do brit\u00e2nico Jamie Murray (14\u00ba), diante dos anfitri\u00f5es norte-americanos Hunter Reese (78\u00ba) e Max Schnur (88\u00ba), que jogam \u00e0s 12h (hor\u00e1rio de Bras\u00edlia).<\/p>\n<p>Mais cedo nesta quarta-feira,\u00a0<a href=\"https:\/\/agenciabrasil.ebc.com.br\/esportes\/noticia\/2022-08\/duplas-de-melo-e-demoliner-se-classificam-2a-rodada-do-us-open\">as duplas do mineiro Marcelo Melo (45\u00ba) e do ga\u00facho Marcelo Demoliner (173\u00ba) garantiram vaga na sequ\u00eancia do Grand Slam<\/a>. J\u00e1 a paulista Beatriz Maia Haddad, n\u00famero 15 do mundo entre as mulheres, aguarda o fim da partida entre o brit\u00e2nico Jack Draper (53\u00ba da ATP) com o canadense Felix Auger-Aliassime (8\u00ba), para enfrentar Bianca Andreescu (48\u00aa), pela segunda rodada da chave feminina de simples.<\/p>\n<p><span style=\"font-weight: 400;\">Fonte: Ag\u00eancia Brasil <\/span><\/p>\n","protected":false},"excerpt":{"rendered":"<p>O brasileiro Thiago Monteiro deu adeus ao US Open. Nesta quarta-feira (31), pela segunda rodada da chave masculina de simples do Grand Slam disputado em Nova York (Estados Unidos), o cearense, n\u00famero 67 do ranking da Associa\u00e7\u00e3o dos Tenistas Profissionais (ATP), perdeu do russo Karen Khachanov (31\u00ba) por 3 sets a 1 (3\/6, 3\/6, 7\/5 [&hellip;]<\/p>\n","protected":false},"author":246,"featured_media":203801,"comment_status":"closed","ping_status":"closed","sticky":false,"template":"","format":"standard","meta":{"footnotes":""},"categories":[436,257,439],"tags":[],"class_list":["post-203800","post","type-post","status-publish","format-standard","has-post-thumbnail","hentry","category-destaque-da-semana","category-esporte","category-ultima-hora"],"_links":{"self":[{"href":"https:\/\/diarioregionaldigital.com.br\/index.php?rest_route=\/wp\/v2\/posts\/203800","targetHints":{"allow":["GET"]}}],"collection":[{"href":"https:\/\/diarioregionaldigital.com.br\/index.php?rest_route=\/wp\/v2\/posts"}],"about":[{"href":"https:\/\/diarioregionaldigital.com.br\/index.php?rest_route=\/wp\/v2\/types\/post"}],"author":[{"embeddable":true,"href":"https:\/\/diarioregionaldigital.com.br\/index.php?rest_route=\/wp\/v2\/users\/246"}],"replies":[{"embeddable":true,"href":"https:\/\/diarioregionaldigital.com.br\/index.php?rest_route=%2Fwp%2Fv2%2Fcomments&post=203800"}],"version-history":[{"count":1,"href":"https:\/\/diarioregionaldigital.com.br\/index.php?rest_route=\/wp\/v2\/posts\/203800\/revisions"}],"predecessor-version":[{"id":203802,"href":"https:\/\/diarioregionaldigital.com.br\/index.php?rest_route=\/wp\/v2\/posts\/203800\/revisions\/203802"}],"wp:featuredmedia":[{"embeddable":true,"href":"https:\/\/diarioregionaldigital.com.br\/index.php?rest_route=\/wp\/v2\/media\/203801"}],"wp:attachment":[{"href":"https:\/\/diarioregionaldigital.com.br\/index.php?rest_route=%2Fwp%2Fv2%2Fmedia&parent=203800"}],"wp:term":[{"taxonomy":"category","embeddable":true,"href":"https:\/\/diarioregionaldigital.com.br\/index.php?rest_route=%2Fwp%2Fv2%2Fcategories&post=203800"},{"taxonomy":"post_tag","embeddable":true,"href":"https:\/\/diarioregionaldigital.com.br\/index.php?rest_route=%2Fwp%2Fv2%2Ftags&post=203800"}],"curies":[{"name":"wp","href":"https:\/\/api.w.org\/{rel}","templated":true}]}}