{"id":203797,"date":"2022-09-01T19:00:41","date_gmt":"2022-09-01T22:00:41","guid":{"rendered":"https:\/\/diarioregionaldigital.com.br\/?p=203797"},"modified":"2022-09-01T19:00:41","modified_gmt":"2022-09-01T22:00:41","slug":"bruno-soares-inicia-jornada-por-5o-titulo-no-us-open-com-vitoria","status":"publish","type":"post","link":"https:\/\/diarioregionaldigital.com.br\/?p=203797","title":{"rendered":"Bruno Soares inicia jornada por 5\u00ba t\u00edtulo no US Open com vit\u00f3ria"},"content":{"rendered":"<p>Dono de quatro t\u00edtulos do US Open (dois nas duplas masculinas e dois nas duplas mistas), Bruno Soares largou com vit\u00f3ria na edi\u00e7\u00e3o deste ano do Grand Slam de Nova York (Estados Unidos). Nesta quinta-feira (1), a parceria do mineiro, n\u00famero 33 do mundo pela Associa\u00e7\u00e3o dos Tenistas Profissionais (ATP), com o brit\u00e2nico Jamie Murray (14\u00ba), levou a melhor sobre os anfitri\u00f5es norte-americanos Hunter Reese (78\u00ba) e Max Schnur (88\u00ba), ao ganhar por 2 sets a 0 (duplo 6\/3), em uma hora e 13 minutos de jogo.<img decoding=\"async\" src=\"https:\/\/agenciabrasil.ebc.com.br\/ebc.png?id=1480383&amp;o=node\" \/><img decoding=\"async\" src=\"https:\/\/agenciabrasil.ebc.com.br\/ebc.gif?id=1480383&amp;o=node\" \/><\/p>\n<p>Na segunda rodada, Bruno e Murray encaram os poloneses Hugo Nys (54\u00ba) e Jan Zielinski (42\u00ba), que estrearam vencendo o franc\u00eas Fabrice Martin (50\u00ba) e o brit\u00e2nico Johnny O&#8217;Mara (61\u00ba), tamb\u00e9m por 2 a 0, com parciais de 7\/6 (8\/6) e 6\/1, depois de uma hora e 28 minutos. O duelo ainda ser\u00e1 marcado, mas a previs\u00e3o \u00e9 que j\u00e1 ocorra nesta sexta-feira (2).<\/p>\n<p>Ainda nesta quinta, Beatriz Haddad Maia entra em quadra pela primeira rodada da chave de duplas femininas. Duplista n\u00famero 23 do ranking da Associa\u00e7\u00e3o de T\u00eanis Feminino (WTA, na sigla em ingl\u00eas), a paulista tem a cazaque Anna Danilina (18\u00aa) como parceira. O duelo com a polonesa Magda Linette (41\u00aa) e a s\u00e9rvia Aleksandra Krunic (43\u00aa) tem previs\u00e3o de in\u00edcio \u00e0s 17h (hor\u00e1rio de Bras\u00edlia).<\/p>\n<p>Na quarta-feira (31), Bia deu adeus ao torneio individual feminino na segunda rodada. A brasileira, 15\u00aa do mundo em simples, n\u00e3o resistiu \u00e0 canadense Bianca Andreescu (48\u00aa), que ganhou por 2 sets a 0 (6\/2 e 6\/4) em uma hora e 28 minutos de partida.<\/p>\n<p>Os outros brasileiros que atuaram nesta quinta trope\u00e7aram. Menos de 24 horas ap\u00f3s ser eliminado na segunda rodada do torneio individual, Thiago Monteiro, 67\u00ba da ATP em simples, competiu nas duplas masculinas. A parceria do cearense, 264\u00ba duplista do ranking, com o alem\u00e3o Daniel Altmaier (93\u00ba em simples, 315\u00ba em duplas), foi superada logo na estreia pelo croata Ivan Dodig (17\u00ba) e pelo norte-americano Austin Krajicek (32\u00ba), em sets diretos, com parciais de 6\/7 (5\/7) e 2\/6, em uma hora e 34 minutos.<\/p>\n<p>Tamb\u00e9m nas duplas masculinas, o ga\u00facho Rafael Matos (38\u00ba) e o espanhol Daniel Vega Hernandez (40\u00ba) ca\u00edram na primeira rodada para o franc\u00eas Fabien Reboul (69\u00ba) e para o equatoriano Diego Hidalgo (79\u00ba), por 2 sets a 1, de virada. As parciais foram 6\/3, 6\/7 (4\/7) e 6\/7 (7\/10), em duas horas e 42 minutos. Na quarta, Rafael j\u00e1 havia dado adeus nas duplas mistas, onde jogou ao lado da ucraniana Lyudmyla Kichenok (11\u00aa da WTA). Eles foram eliminados pela parceria de Hernandez com a let\u00e3 Jelena Ostapenko (9\u00aa do ranking feminino).<\/p>\n<p>Al\u00e9m de Bruno e Bia, mais dois brasileiros est\u00e3o vivos no US Open, ambos nas duplas masculinas. O mineiro Marcelo Melo, duplista n\u00famero 45 do ranking, que atua com o sul-africano Raven Klaasen (73\u00ba), ter\u00e1 pela frente o brit\u00e2nico Lloyd Glasspool (26\u00ba) e o finland\u00eas Harri Heliovaara (21\u00ba), pela segunda rodada. A expectativa \u00e9 de que a partida ocorra nesta sexta, ainda sem hor\u00e1rio definido.<\/p>\n<p>Pela mesma fase, o ga\u00facho Marcelo Demoliner (173\u00ba) e o portugu\u00eas Jo\u00e3o Sousa (296\u00ba em duplas, 59\u00ba em simples) aguardam os vencedores do confronto entre os espanh\u00f3is Feliciano Lopez (70\u00ba) e Jaume Munar (197\u00ba em duplas, 57\u00ba em simples) e os franceses Arthur Rinderknech (138\u00ba em duplas, 58\u00ba em simples) e Benjamin Bonzi (124\u00ba em duplas, 50\u00ba em simples). O duelo ser\u00e1 nesta quinta, com previs\u00e3o de in\u00edcio \u00e0s 18h.<\/p>\n<p><span style=\"font-weight: 400;\">Fonte: Ag\u00eancia Brasil <\/span><\/p>\n","protected":false},"excerpt":{"rendered":"<p>Dono de quatro t\u00edtulos do US Open (dois nas duplas masculinas e dois nas duplas mistas), Bruno Soares largou com vit\u00f3ria na edi\u00e7\u00e3o deste ano do Grand Slam de Nova York (Estados Unidos). Nesta quinta-feira (1), a parceria do mineiro, n\u00famero 33 do mundo pela Associa\u00e7\u00e3o dos Tenistas Profissionais (ATP), com o brit\u00e2nico Jamie Murray [&hellip;]<\/p>\n","protected":false},"author":246,"featured_media":203798,"comment_status":"closed","ping_status":"closed","sticky":false,"template":"","format":"standard","meta":{"footnotes":""},"categories":[436,257,439],"tags":[],"class_list":["post-203797","post","type-post","status-publish","format-standard","has-post-thumbnail","hentry","category-destaque-da-semana","category-esporte","category-ultima-hora"],"_links":{"self":[{"href":"https:\/\/diarioregionaldigital.com.br\/index.php?rest_route=\/wp\/v2\/posts\/203797","targetHints":{"allow":["GET"]}}],"collection":[{"href":"https:\/\/diarioregionaldigital.com.br\/index.php?rest_route=\/wp\/v2\/posts"}],"about":[{"href":"https:\/\/diarioregionaldigital.com.br\/index.php?rest_route=\/wp\/v2\/types\/post"}],"author":[{"embeddable":true,"href":"https:\/\/diarioregionaldigital.com.br\/index.php?rest_route=\/wp\/v2\/users\/246"}],"replies":[{"embeddable":true,"href":"https:\/\/diarioregionaldigital.com.br\/index.php?rest_route=%2Fwp%2Fv2%2Fcomments&post=203797"}],"version-history":[{"count":1,"href":"https:\/\/diarioregionaldigital.com.br\/index.php?rest_route=\/wp\/v2\/posts\/203797\/revisions"}],"predecessor-version":[{"id":203799,"href":"https:\/\/diarioregionaldigital.com.br\/index.php?rest_route=\/wp\/v2\/posts\/203797\/revisions\/203799"}],"wp:featuredmedia":[{"embeddable":true,"href":"https:\/\/diarioregionaldigital.com.br\/index.php?rest_route=\/wp\/v2\/media\/203798"}],"wp:attachment":[{"href":"https:\/\/diarioregionaldigital.com.br\/index.php?rest_route=%2Fwp%2Fv2%2Fmedia&parent=203797"}],"wp:term":[{"taxonomy":"category","embeddable":true,"href":"https:\/\/diarioregionaldigital.com.br\/index.php?rest_route=%2Fwp%2Fv2%2Fcategories&post=203797"},{"taxonomy":"post_tag","embeddable":true,"href":"https:\/\/diarioregionaldigital.com.br\/index.php?rest_route=%2Fwp%2Fv2%2Ftags&post=203797"}],"curies":[{"name":"wp","href":"https:\/\/api.w.org\/{rel}","templated":true}]}}