{"id":203794,"date":"2022-09-01T18:59:06","date_gmt":"2022-09-01T21:59:06","guid":{"rendered":"https:\/\/diarioregionaldigital.com.br\/?p=203794"},"modified":"2022-09-01T18:59:06","modified_gmt":"2022-09-01T21:59:06","slug":"brasil-tem-ira-como-rival-nas-oitavas-do-mundial-de-volei-masculino","status":"publish","type":"post","link":"https:\/\/diarioregionaldigital.com.br\/?p=203794","title":{"rendered":"Brasil tem Ir\u00e3 como rival nas oitavas do Mundial de v\u00f4lei masculino"},"content":{"rendered":"<p>A Federa\u00e7\u00e3o Internacional de Voleibol (FIVB) definiu os hor\u00e1rios dos confrontos das oitavas de final do Campeonato Mundial masculino da modalidade, realizado na Eslov\u00eania e na Pol\u00f4nia. O Brasil enfrentar\u00e1 o Ir\u00e3 na pr\u00f3xima ter\u00e7a-feira (6), \u00e0s 16h (hor\u00e1rio de Bras\u00edlia), na cidade polonesa de Gliwice.<img decoding=\"async\" src=\"https:\/\/agenciabrasil.ebc.com.br\/ebc.png?id=1480409&amp;o=node\" \/><img decoding=\"async\" src=\"https:\/\/agenciabrasil.ebc.com.br\/ebc.gif?id=1480409&amp;o=node\" \/><\/p>\n<p>O confronto foi definido com base nos resultados da primeira fase. A sele\u00e7\u00e3o brasileira liderou o Grupo A, com tr\u00eas vit\u00f3rias em tr\u00eas partidas e dois sets perdidos, tendo a quinta melhor campanha geral. Os iranianos, que ficaram em segundo no Grupo F, tiveram o 12\u00ba desempenho entre os 16 classificados. Quem avan\u00e7ar pega o ganhador de S\u00e9rvia e Argentina, que tamb\u00e9m jogam na pr\u00f3xima ter\u00e7a, em Gliwice, mas \u00e0s 12h30.<\/p>\n<p>O retrospecto \u00e9 favor\u00e1vel aos brasileiros contra os iranianos. Em 18 partidas, s\u00e3o 15 vit\u00f3rias e tr\u00eas derrotas. O \u00faltimo jogo foi na Liga das Na\u00e7\u00f5es deste ano, em Sofia (Bulg\u00e1ria), com triunfo verde e amarelo por tr\u00eas sets a zero (30\/28, 25\/23 e 25\/19). O ponteiro Lucarelli, com 15 pontos, foi o destaque da equipe comandada por Renan dal Zotto na ocasi\u00e3o.<\/p>\n<p>O mata-mata do Mundial come\u00e7a neste s\u00e1bado (3), com a Eslov\u00eania jogando em casa contra a Alemanha, em Liubliana, \u00e0s 12h30. Mais tarde, \u00e0s 16h15, no mesmo local, tem It\u00e1lia e Cuba. No domingo (4), s\u00e3o mais dois jogos, ambos em Gliwice. \u00c0s 12h30, a Turquia encara os Estados Unidos. Na sequ\u00eancia, \u00e0s 16h, a anfitri\u00e3 Pol\u00f4nia pega a Tun\u00edsia. Na segunda-feira (5), o torneio retorna para Liubliana, com Holanda e Ucr\u00e2nia duelando \u00e0s 12h30 e Fran\u00e7a e Jap\u00e3o \u00e0s 16h.<\/p>\n<p>O Brasil \u00e9 tricampe\u00e3o mundial de v\u00f4lei entre os homens e esteve presente nas \u00faltimas cinco finais, levantando a ta\u00e7a em 2002 (superando a R\u00fassia), 2006 (Pol\u00f4nia) e 2010 (Cuba), e ficando com o vice em 2014 e em 2018 (ambas com derrota para os poloneses). Caso conquiste o tetra, o pa\u00eds se isolaria como maior vencedor em atividade e segundo na hist\u00f3ria, atr\u00e1s somente da extinta Uni\u00e3o Sovi\u00e9tica, dona de seis trof\u00e9us.<\/p>\n<p><span style=\"font-weight: 400;\"><br \/>\n<\/span><span style=\"font-weight: 400;\">Fonte: Ag\u00eancia Brasil <\/span><\/p>\n","protected":false},"excerpt":{"rendered":"<p>A Federa\u00e7\u00e3o Internacional de Voleibol (FIVB) definiu os hor\u00e1rios dos confrontos das oitavas de final do Campeonato Mundial masculino da modalidade, realizado na Eslov\u00eania e na Pol\u00f4nia. O Brasil enfrentar\u00e1 o Ir\u00e3 na pr\u00f3xima ter\u00e7a-feira (6), \u00e0s 16h (hor\u00e1rio de Bras\u00edlia), na cidade polonesa de Gliwice. O confronto foi definido com base nos resultados da [&hellip;]<\/p>\n","protected":false},"author":246,"featured_media":203795,"comment_status":"closed","ping_status":"closed","sticky":false,"template":"","format":"standard","meta":{"footnotes":""},"categories":[436,440,257,439],"tags":[],"class_list":["post-203794","post","type-post","status-publish","format-standard","has-post-thumbnail","hentry","category-destaque-da-semana","category-destaques-do-dia","category-esporte","category-ultima-hora"],"_links":{"self":[{"href":"https:\/\/diarioregionaldigital.com.br\/index.php?rest_route=\/wp\/v2\/posts\/203794","targetHints":{"allow":["GET"]}}],"collection":[{"href":"https:\/\/diarioregionaldigital.com.br\/index.php?rest_route=\/wp\/v2\/posts"}],"about":[{"href":"https:\/\/diarioregionaldigital.com.br\/index.php?rest_route=\/wp\/v2\/types\/post"}],"author":[{"embeddable":true,"href":"https:\/\/diarioregionaldigital.com.br\/index.php?rest_route=\/wp\/v2\/users\/246"}],"replies":[{"embeddable":true,"href":"https:\/\/diarioregionaldigital.com.br\/index.php?rest_route=%2Fwp%2Fv2%2Fcomments&post=203794"}],"version-history":[{"count":1,"href":"https:\/\/diarioregionaldigital.com.br\/index.php?rest_route=\/wp\/v2\/posts\/203794\/revisions"}],"predecessor-version":[{"id":203796,"href":"https:\/\/diarioregionaldigital.com.br\/index.php?rest_route=\/wp\/v2\/posts\/203794\/revisions\/203796"}],"wp:featuredmedia":[{"embeddable":true,"href":"https:\/\/diarioregionaldigital.com.br\/index.php?rest_route=\/wp\/v2\/media\/203795"}],"wp:attachment":[{"href":"https:\/\/diarioregionaldigital.com.br\/index.php?rest_route=%2Fwp%2Fv2%2Fmedia&parent=203794"}],"wp:term":[{"taxonomy":"category","embeddable":true,"href":"https:\/\/diarioregionaldigital.com.br\/index.php?rest_route=%2Fwp%2Fv2%2Fcategories&post=203794"},{"taxonomy":"post_tag","embeddable":true,"href":"https:\/\/diarioregionaldigital.com.br\/index.php?rest_route=%2Fwp%2Fv2%2Ftags&post=203794"}],"curies":[{"name":"wp","href":"https:\/\/api.w.org\/{rel}","templated":true}]}}