{"id":203790,"date":"2022-09-01T18:54:38","date_gmt":"2022-09-01T21:54:38","guid":{"rendered":"https:\/\/diarioregionaldigital.com.br\/?p=203790"},"modified":"2022-09-01T18:54:38","modified_gmt":"2022-09-01T21:54:38","slug":"camara-aprova-orientacao-para-pacientes-com-cancer-de-mama-no-sus","status":"publish","type":"post","link":"https:\/\/diarioregionaldigital.com.br\/?p=203790","title":{"rendered":"C\u00e2mara aprova orienta\u00e7\u00e3o para pacientes com c\u00e2ncer de mama no SUS"},"content":{"rendered":"<p>A C\u00e2mara dos Deputados concluiu nesta quarta-feira (31) a vota\u00e7\u00e3o do projeto de lei que cria um programa para acompanhar casos de suspeita ou confirma\u00e7\u00e3o de c\u00e2ncer de mama por meio da abordagem individual dos pacientes no Sistema \u00danico de Sa\u00fade (SUS). A medida visa orientar e agilizar o diagn\u00f3stico e o tratamento. O texto segue para san\u00e7\u00e3o presidencial.<img decoding=\"async\" src=\"https:\/\/agenciabrasil.ebc.com.br\/ebc.png?id=1480182&amp;o=node\" \/><img decoding=\"async\" src=\"https:\/\/agenciabrasil.ebc.com.br\/ebc.gif?id=1480182&amp;o=node\" \/><\/p>\n<p>O projeto estabelece as diretrizes do Programa Nacional de Navega\u00e7\u00e3o de Paciente para pessoas com c\u00e2ncer de mama. Segundo o texto, o diagn\u00f3stico deve ser viabilizado em menos de 30 dias e, depois disso, o paciente tem que iniciar o tratamento em at\u00e9 60 dias. O programa dever\u00e1 ser integrado \u00e0 Pol\u00edtica Nacional de Aten\u00e7\u00e3o Oncol\u00f3gica do SUS, oferecer planejamento adequado das necessidades do paciente e\u00a0 identificar barreiras nos processos de diagn\u00f3stico e de tratamento.<\/p>\n<p>De acordo com o projeto, navega\u00e7\u00e3o \u00e9 definida como um procedimento de acompanhamento dos casos de suspeita ou confirma\u00e7\u00e3o de c\u00e2ncer por meio da abordagem individual dos pacientes para orientar e agilizar o diagn\u00f3stico e o tratamento. Os navegadores atuam como uma ponte entre o paciente, o estabelecimento de sa\u00fade e os recursos da comunidade.<\/p>\n<p>A mat\u00e9ria foi aprovada pelos deputados em mar\u00e7o e voltou para an\u00e1lise dos congressistas ap\u00f3s modifica\u00e7\u00f5es no Senado. Entre as mudan\u00e7as, os parlamentares inclu\u00edram um dispositivo para assegurar o acesso do paciente \u00e0 orienta\u00e7\u00e3o individual e ao suporte direcionados ao sucesso do tratamento, com a inser\u00e7\u00e3o de previs\u00e3o sobre a manuten\u00e7\u00e3o de contato por telefone e por\u00a0<em>e-mail<\/em>.<\/p>\n<p>Os senadores tamb\u00e9m inclu\u00edram no texto que o programa deve estar integrado \u00e0 Pol\u00edtica Nacional de Aten\u00e7\u00e3o \u00e0 Sa\u00fade dos Povos Ind\u00edgenas.<\/p>\n<p><span style=\"font-weight: 400;\">Fonte: Ag\u00eancia Brasil <\/span><\/p>\n","protected":false},"excerpt":{"rendered":"<p>A C\u00e2mara dos Deputados concluiu nesta quarta-feira (31) a vota\u00e7\u00e3o do projeto de lei que cria um programa para acompanhar casos de suspeita ou confirma\u00e7\u00e3o de c\u00e2ncer de mama por meio da abordagem individual dos pacientes no Sistema \u00danico de Sa\u00fade (SUS). A medida visa orientar e agilizar o diagn\u00f3stico e o tratamento. O texto [&hellip;]<\/p>\n","protected":false},"author":246,"featured_media":203792,"comment_status":"closed","ping_status":"closed","sticky":false,"template":"","format":"standard","meta":{"footnotes":""},"categories":[436,254,439],"tags":[],"class_list":["post-203790","post","type-post","status-publish","format-standard","has-post-thumbnail","hentry","category-destaque-da-semana","category-politica","category-ultima-hora"],"_links":{"self":[{"href":"https:\/\/diarioregionaldigital.com.br\/index.php?rest_route=\/wp\/v2\/posts\/203790","targetHints":{"allow":["GET"]}}],"collection":[{"href":"https:\/\/diarioregionaldigital.com.br\/index.php?rest_route=\/wp\/v2\/posts"}],"about":[{"href":"https:\/\/diarioregionaldigital.com.br\/index.php?rest_route=\/wp\/v2\/types\/post"}],"author":[{"embeddable":true,"href":"https:\/\/diarioregionaldigital.com.br\/index.php?rest_route=\/wp\/v2\/users\/246"}],"replies":[{"embeddable":true,"href":"https:\/\/diarioregionaldigital.com.br\/index.php?rest_route=%2Fwp%2Fv2%2Fcomments&post=203790"}],"version-history":[{"count":1,"href":"https:\/\/diarioregionaldigital.com.br\/index.php?rest_route=\/wp\/v2\/posts\/203790\/revisions"}],"predecessor-version":[{"id":203793,"href":"https:\/\/diarioregionaldigital.com.br\/index.php?rest_route=\/wp\/v2\/posts\/203790\/revisions\/203793"}],"wp:featuredmedia":[{"embeddable":true,"href":"https:\/\/diarioregionaldigital.com.br\/index.php?rest_route=\/wp\/v2\/media\/203792"}],"wp:attachment":[{"href":"https:\/\/diarioregionaldigital.com.br\/index.php?rest_route=%2Fwp%2Fv2%2Fmedia&parent=203790"}],"wp:term":[{"taxonomy":"category","embeddable":true,"href":"https:\/\/diarioregionaldigital.com.br\/index.php?rest_route=%2Fwp%2Fv2%2Fcategories&post=203790"},{"taxonomy":"post_tag","embeddable":true,"href":"https:\/\/diarioregionaldigital.com.br\/index.php?rest_route=%2Fwp%2Fv2%2Ftags&post=203790"}],"curies":[{"name":"wp","href":"https:\/\/api.w.org\/{rel}","templated":true}]}}