{"id":203783,"date":"2022-09-01T18:51:27","date_gmt":"2022-09-01T21:51:27","guid":{"rendered":"https:\/\/diarioregionaldigital.com.br\/?p=203783"},"modified":"2022-09-01T18:51:27","modified_gmt":"2022-09-01T21:51:27","slug":"tse-defere-registro-de-candidatura-de-ciro-gomes-a-presidencia","status":"publish","type":"post","link":"https:\/\/diarioregionaldigital.com.br\/?p=203783","title":{"rendered":"TSE defere registro de candidatura de Ciro Gomes \u00e0 Presid\u00eancia"},"content":{"rendered":"<p>O plen\u00e1rio do Tribunal Superior Eleitoral (TSE) deferiu hoje (1\u00ba), por unanimidade, o registro de candidatura de Ciro Gomes (PDT) \u00e0 Presid\u00eancia da Rep\u00fablica. A vice da chapa, Ana Paula Matos (PDT), tamb\u00e9m teve o registro confirmado.<img decoding=\"async\" src=\"https:\/\/agenciabrasil.ebc.com.br\/ebc.png?id=1480343&amp;o=node\" \/><img decoding=\"async\" src=\"https:\/\/agenciabrasil.ebc.com.br\/ebc.gif?id=1480343&amp;o=node\" \/><\/p>\n<p>Os ministros rejeitaram uma impugna\u00e7\u00e3o \u00e0 candidatura, apresentada pelo vereador Fernando Holiday, de S\u00e3o Paulo. Ele argumentou que Ciro Gomes possui condena\u00e7\u00e3o por inj\u00faria racial em primeira inst\u00e2ncia, o que o inabilitaria a ser candidato por \u201cinadequa\u00e7\u00e3o da vida pregressa\u201d.<\/p>\n<p>Holiday se referiu ao caso em que Ciro o chamou de \u201ccapit\u00e3o do mato\u201d, em discurso de 2018. O pedetista foi condenado na esfera c\u00edvel da Justi\u00e7a de S\u00e3o Paulo a pagar indeniza\u00e7\u00e3o ao vereador.<\/p>\n<h2>Objetivos midi\u00e1ticos<\/h2>\n<p>A defesa de Ciro Gomes acusou o vereador de litig\u00e2ncia de m\u00e1-f\u00e9 e sustentou que a impugna\u00e7\u00e3o tem objetivos somente midi\u00e1ticos, sem nenhuma pretens\u00e3o de prosperar. Isso porque n\u00e3o h\u00e1 na Lei da Ficha Limpa ou em outra legisla\u00e7\u00e3o a previs\u00e3o de que condena\u00e7\u00e3o na esfera c\u00edvel possa impedir candidaturas, frisou a defesa.<\/p>\n<p>O vice-procurador-geral Eleitoral, Paulo Gonet, destacou que o pr\u00f3prio TSE possui uma s\u00famula para dizer que o conceito de \u201cinadequa\u00e7\u00e3o da vida pregressa\u201d, previsto na Constitui\u00e7\u00e3o, n\u00e3o pode ser aplicado sem que o motivo de tal inadequa\u00e7\u00e3o esteja previsto em lei complementar.<\/p>\n<p>Tamb\u00e9m citando a s\u00famula, o relator no TSE, ministro Carlos Horbach, votou por negar a impugna\u00e7\u00e3o e deferir o registro de candidatura de Ciro Gomes. Todos os demais ministros seguiram o relator sem fazer observa\u00e7\u00f5es.<\/p>\n<p>O TSE tem at\u00e9 12 de setembro para julgar todos os pedidos de registro de candidaturas \u00e0 Presid\u00eancia da Rep\u00fablica. At\u00e9 o momento, apenas um dos 12 que foram apresentados foi negado pelo plen\u00e1rio, o de Roberto Jefferson (PTB).<\/p>\n<p><span style=\"font-weight: 400;\">Fonte: Ag\u00eancia Brasil\u00a0<\/span><span style=\"font-weight: 400;\"><br \/>\n<\/span><\/p>\n","protected":false},"excerpt":{"rendered":"<p>O plen\u00e1rio do Tribunal Superior Eleitoral (TSE) deferiu hoje (1\u00ba), por unanimidade, o registro de candidatura de Ciro Gomes (PDT) \u00e0 Presid\u00eancia da Rep\u00fablica. A vice da chapa, Ana Paula Matos (PDT), tamb\u00e9m teve o registro confirmado. Os ministros rejeitaram uma impugna\u00e7\u00e3o \u00e0 candidatura, apresentada pelo vereador Fernando Holiday, de S\u00e3o Paulo. Ele argumentou que [&hellip;]<\/p>\n","protected":false},"author":246,"featured_media":203784,"comment_status":"closed","ping_status":"closed","sticky":false,"template":"","format":"standard","meta":{"footnotes":""},"categories":[436,254,439],"tags":[],"class_list":["post-203783","post","type-post","status-publish","format-standard","has-post-thumbnail","hentry","category-destaque-da-semana","category-politica","category-ultima-hora"],"_links":{"self":[{"href":"https:\/\/diarioregionaldigital.com.br\/index.php?rest_route=\/wp\/v2\/posts\/203783","targetHints":{"allow":["GET"]}}],"collection":[{"href":"https:\/\/diarioregionaldigital.com.br\/index.php?rest_route=\/wp\/v2\/posts"}],"about":[{"href":"https:\/\/diarioregionaldigital.com.br\/index.php?rest_route=\/wp\/v2\/types\/post"}],"author":[{"embeddable":true,"href":"https:\/\/diarioregionaldigital.com.br\/index.php?rest_route=\/wp\/v2\/users\/246"}],"replies":[{"embeddable":true,"href":"https:\/\/diarioregionaldigital.com.br\/index.php?rest_route=%2Fwp%2Fv2%2Fcomments&post=203783"}],"version-history":[{"count":1,"href":"https:\/\/diarioregionaldigital.com.br\/index.php?rest_route=\/wp\/v2\/posts\/203783\/revisions"}],"predecessor-version":[{"id":203785,"href":"https:\/\/diarioregionaldigital.com.br\/index.php?rest_route=\/wp\/v2\/posts\/203783\/revisions\/203785"}],"wp:featuredmedia":[{"embeddable":true,"href":"https:\/\/diarioregionaldigital.com.br\/index.php?rest_route=\/wp\/v2\/media\/203784"}],"wp:attachment":[{"href":"https:\/\/diarioregionaldigital.com.br\/index.php?rest_route=%2Fwp%2Fv2%2Fmedia&parent=203783"}],"wp:term":[{"taxonomy":"category","embeddable":true,"href":"https:\/\/diarioregionaldigital.com.br\/index.php?rest_route=%2Fwp%2Fv2%2Fcategories&post=203783"},{"taxonomy":"post_tag","embeddable":true,"href":"https:\/\/diarioregionaldigital.com.br\/index.php?rest_route=%2Fwp%2Fv2%2Ftags&post=203783"}],"curies":[{"name":"wp","href":"https:\/\/api.w.org\/{rel}","templated":true}]}}