{"id":203780,"date":"2022-09-01T18:48:54","date_gmt":"2022-09-01T21:48:54","guid":{"rendered":"https:\/\/diarioregionaldigital.com.br\/?p=203780"},"modified":"2022-09-01T18:48:54","modified_gmt":"2022-09-01T21:48:54","slug":"senado-aprova-jornada-flexivel-para-pais-de-criancas-pequenas","status":"publish","type":"post","link":"https:\/\/diarioregionaldigital.com.br\/?p=203780","title":{"rendered":"Senado aprova jornada flex\u00edvel para pais de crian\u00e7as pequenas"},"content":{"rendered":"<p>O Senado aprovou nesta quarta-feira (31) a medida provis\u00f3ria (MP) que flexibiliza a jornada de trabalho para m\u00e3es e pais que tenham filhos com at\u00e9 seis anos ou com defici\u00eancia (<a href=\"https:\/\/www.congressonacional.leg.br\/materias\/medidas-provisorias\/-\/mpv\/152939\" target=\"_blank\" rel=\"noopener\">MP 1.116 de 2022<\/a>). O texto agora ir\u00e1 para san\u00e7\u00e3o do presidente da Rep\u00fablica.<img decoding=\"async\" src=\"https:\/\/agenciabrasil.ebc.com.br\/ebc.png?id=1480222&amp;o=node\" \/><img decoding=\"async\" src=\"https:\/\/agenciabrasil.ebc.com.br\/ebc.gif?id=1480222&amp;o=node\" \/><\/p>\n<p>A medida prev\u00ea que estes pais e m\u00e3es ter\u00e3o prioridade para regime de tempo parcial, antecipa\u00e7\u00e3o de f\u00e9rias e concess\u00e3o de hor\u00e1rios flex\u00edveis de entrada e sa\u00edda.<\/p>\n<p>A MP tamb\u00e9m trata de equidade de g\u00eanero, ao determinar que mulheres recebam o mesmo sal\u00e1rio que os\u00a0homens que exer\u00e7am a mesma fun\u00e7\u00e3o na empresa. A medida prev\u00ea ainda apoio ao microcr\u00e9dito para mulheres.<\/p>\n<h2>Aux\u00edlio-creche<\/h2>\n<p>Se sancionado, o texto tamb\u00e9m amplia para 5 anos e 11 meses a idade m\u00e1xima para a crian\u00e7a ter direito a aux\u00edlio-creche e procura fortalecer o sistema de qualifica\u00e7\u00e3o de mulheres v\u00edtimas de viol\u00eancia dom\u00e9stica.<\/p>\n<p>A vers\u00e3o aprovada do texto tamb\u00e9m prev\u00ea medidas de combate ao ass\u00e9dio sexual em empresas, o teletrabalho para m\u00e3es e pais empregados em regime de tempo parcial, regime especial de compensa\u00e7\u00e3o por banco de horas e incentivos a cria\u00e7\u00e3o de creches pelo Sistema S e flexibiliza\u00e7\u00e3o do regime de f\u00e9rias.<\/p>\n<p><span style=\"font-weight: 400;\">Fonte: Ag\u00eancia Brasil <\/span><\/p>\n","protected":false},"excerpt":{"rendered":"<p>O Senado aprovou nesta quarta-feira (31) a medida provis\u00f3ria (MP) que flexibiliza a jornada de trabalho para m\u00e3es e pais que tenham filhos com at\u00e9 seis anos ou com defici\u00eancia (MP 1.116 de 2022). O texto agora ir\u00e1 para san\u00e7\u00e3o do presidente da Rep\u00fablica. A medida prev\u00ea que estes pais e m\u00e3es ter\u00e3o prioridade para [&hellip;]<\/p>\n","protected":false},"author":246,"featured_media":203781,"comment_status":"closed","ping_status":"closed","sticky":false,"template":"","format":"standard","meta":{"footnotes":""},"categories":[436,440,254,439],"tags":[],"class_list":["post-203780","post","type-post","status-publish","format-standard","has-post-thumbnail","hentry","category-destaque-da-semana","category-destaques-do-dia","category-politica","category-ultima-hora"],"_links":{"self":[{"href":"https:\/\/diarioregionaldigital.com.br\/index.php?rest_route=\/wp\/v2\/posts\/203780","targetHints":{"allow":["GET"]}}],"collection":[{"href":"https:\/\/diarioregionaldigital.com.br\/index.php?rest_route=\/wp\/v2\/posts"}],"about":[{"href":"https:\/\/diarioregionaldigital.com.br\/index.php?rest_route=\/wp\/v2\/types\/post"}],"author":[{"embeddable":true,"href":"https:\/\/diarioregionaldigital.com.br\/index.php?rest_route=\/wp\/v2\/users\/246"}],"replies":[{"embeddable":true,"href":"https:\/\/diarioregionaldigital.com.br\/index.php?rest_route=%2Fwp%2Fv2%2Fcomments&post=203780"}],"version-history":[{"count":1,"href":"https:\/\/diarioregionaldigital.com.br\/index.php?rest_route=\/wp\/v2\/posts\/203780\/revisions"}],"predecessor-version":[{"id":203782,"href":"https:\/\/diarioregionaldigital.com.br\/index.php?rest_route=\/wp\/v2\/posts\/203780\/revisions\/203782"}],"wp:featuredmedia":[{"embeddable":true,"href":"https:\/\/diarioregionaldigital.com.br\/index.php?rest_route=\/wp\/v2\/media\/203781"}],"wp:attachment":[{"href":"https:\/\/diarioregionaldigital.com.br\/index.php?rest_route=%2Fwp%2Fv2%2Fmedia&parent=203780"}],"wp:term":[{"taxonomy":"category","embeddable":true,"href":"https:\/\/diarioregionaldigital.com.br\/index.php?rest_route=%2Fwp%2Fv2%2Fcategories&post=203780"},{"taxonomy":"post_tag","embeddable":true,"href":"https:\/\/diarioregionaldigital.com.br\/index.php?rest_route=%2Fwp%2Fv2%2Ftags&post=203780"}],"curies":[{"name":"wp","href":"https:\/\/api.w.org\/{rel}","templated":true}]}}