{"id":203771,"date":"2022-09-01T18:42:33","date_gmt":"2022-09-01T21:42:33","guid":{"rendered":"https:\/\/diarioregionaldigital.com.br\/?p=203771"},"modified":"2022-09-01T18:42:33","modified_gmt":"2022-09-01T21:42:33","slug":"projecoes-subestimam-crescimento-do-pib-diz-assessor-da-economia","status":"publish","type":"post","link":"https:\/\/diarioregionaldigital.com.br\/?p=203771","title":{"rendered":"Proje\u00e7\u00f5es subestimam crescimento do PIB, diz assessor da Economia"},"content":{"rendered":"<p>O chefe da Assessoria Especial de Estudos Econ\u00f4micos do Minist\u00e9rio da Economia, Rog\u00e9rio Boueri, disse\u00a0hoje\u00a0(1\u00ba), ao comentar o resultado do Produto Interno Bruto (PIB) do segundo trimestre, que, por um motivo ainda a ser identificado, as proje\u00e7\u00f5es do mercado \u2013 e do pr\u00f3prio governo \u2013 sobre o crescimento do pa\u00eds est\u00e3o \u201csubestimando consistentemente o PIB realizado\u201d.<img decoding=\"async\" src=\"https:\/\/agenciabrasil.ebc.com.br\/ebc.png?id=1480363&amp;o=node\" \/><img decoding=\"async\" src=\"https:\/\/agenciabrasil.ebc.com.br\/ebc.gif?id=1480363&amp;o=node\" \/><\/p>\n<p>\u201cVamos precisar de tempo para fazer diagnostico com mais precis\u00e3o sobre o que est\u00e1 acontecendo. Sobre o que est\u00e1 levando os modelos a subestimarem os resultados reais\u201d, disse Boueri ao afirmar que \u201cos modelos est\u00e3o errando sistematicamente para baixo\u201d o que projetam para o crescimento econ\u00f4mico do pa\u00eds.<\/p>\n<h2>Modelos tradicionais<\/h2>\n<p>Na avalia\u00e7\u00e3o do economista, a diverg\u00eancia se deve, provavelmente, ao fato de haver \u201calguma coisa que os modelos n\u00e3o est\u00e3o capturando\u201d, e que, nesse sentido, estariam ocorrendo \u201cdesvios padr\u00f5es\u201d na economia brasileira, que n\u00e3o estariam sendo captados pelos modelos adotados.<\/p>\n<p>\u201cModelos tradicionais, baseados em observa\u00e7\u00f5es passadas, s\u00e3o incapazes de responder apropriadamente \u00e0s mudan\u00e7as estruturais, por serem invariantes \u00e0s pol\u00edticas econ\u00f4micas e cen\u00e1rio onde h\u00e1 quebra estrutural\u201d, argumentou ao acrescentar que essas previs\u00f5es mais pessimistas abrangem, al\u00e9m do mercado, a pr\u00f3pria Secretaria de Pol\u00edtica Econ\u00f4mica (SPE), do Minist\u00e9rio da Economia.<\/p>\n<p>Boueri citou, como exemplos, algumas proje\u00e7\u00f5es apresentadas desde 2020. \u201cEm junho daquele ano, o mercado previa PIB negativo de 6,6%, enquanto a secretaria\u00a0previa &#8211; 4,7%. O realizado, no entanto, ficou em &#8211; 3,9%\u201d, disse. \u201cEm mar\u00e7o de 2021, o mercado previa um PIB de 3,1%. A SPE previa 3,2%, e o realizado ficou em 4,6%\u201d, acrescentou.<\/p>\n<p>J\u00e1 em mar\u00e7o de 2022, o mercado previa crescimento de 0,3%, enquanto a SPE previa 1,5%. \u201cNo entanto, se o PIB no segundo semestre parar de crescer, ao final do ano teremos um PIB de 2.4%. Enquanto isso, o Focus d\u00e1 2,1% de crescimento\u201d.<\/p>\n<h2>IBGE<\/h2>\n<p>De acordo com o Sistema de Contas Nacionais Trimestrais divulgado\u00a0hoje, o Produto Interno Bruto (PIB), a soma de todos os bens e servi\u00e7os finais produzidos no pa\u00eds,\u00a0cresceu 1,2% no segundo trimestre deste ano na compara\u00e7\u00e3o com o per\u00edodo anterior. O resultado \u00e9 o quarto positivo seguido\u00a0do indicador, depois de\u00a0ter\u00a0recuado 0,3% no segundo trimestre do ano passado. Segundo o instituto, o PIB brasileiro chegou a R$ 2,404 trilh\u00f5es em valores correntes.<\/p>\n<p>Com o resultado, o PIB avan\u00e7ou 2,5% no primeiro semestre do ano, e a atividade econ\u00f4mica do pa\u00eds ficou 3% acima do patamar pr\u00e9-pandemia, verificado no quarto trimestre de 2019.<\/p>\n<p>De acordo com o IBGE, o crescimento no segundo trimestre foi influenciado pela alta de 1,3% nos servi\u00e7os, que, segundo a coordenadora de Contas Nacionais do instituto, Rebeca Palis, respondem por 70% na economia.<\/p>\n<p><span style=\"font-weight: 400;\">Fonte: Ag\u00eancia Brasil <\/span><\/p>\n","protected":false},"excerpt":{"rendered":"<p>O chefe da Assessoria Especial de Estudos Econ\u00f4micos do Minist\u00e9rio da Economia, Rog\u00e9rio Boueri, disse\u00a0hoje\u00a0(1\u00ba), ao comentar o resultado do Produto Interno Bruto (PIB) do segundo trimestre, que, por um motivo ainda a ser identificado, as proje\u00e7\u00f5es do mercado \u2013 e do pr\u00f3prio governo \u2013 sobre o crescimento do pa\u00eds est\u00e3o \u201csubestimando consistentemente o PIB [&hellip;]<\/p>\n","protected":false},"author":246,"featured_media":203772,"comment_status":"closed","ping_status":"closed","sticky":false,"template":"","format":"standard","meta":{"footnotes":""},"categories":[436,261,439],"tags":[],"class_list":["post-203771","post","type-post","status-publish","format-standard","has-post-thumbnail","hentry","category-destaque-da-semana","category-economia","category-ultima-hora"],"_links":{"self":[{"href":"https:\/\/diarioregionaldigital.com.br\/index.php?rest_route=\/wp\/v2\/posts\/203771","targetHints":{"allow":["GET"]}}],"collection":[{"href":"https:\/\/diarioregionaldigital.com.br\/index.php?rest_route=\/wp\/v2\/posts"}],"about":[{"href":"https:\/\/diarioregionaldigital.com.br\/index.php?rest_route=\/wp\/v2\/types\/post"}],"author":[{"embeddable":true,"href":"https:\/\/diarioregionaldigital.com.br\/index.php?rest_route=\/wp\/v2\/users\/246"}],"replies":[{"embeddable":true,"href":"https:\/\/diarioregionaldigital.com.br\/index.php?rest_route=%2Fwp%2Fv2%2Fcomments&post=203771"}],"version-history":[{"count":2,"href":"https:\/\/diarioregionaldigital.com.br\/index.php?rest_route=\/wp\/v2\/posts\/203771\/revisions"}],"predecessor-version":[{"id":203774,"href":"https:\/\/diarioregionaldigital.com.br\/index.php?rest_route=\/wp\/v2\/posts\/203771\/revisions\/203774"}],"wp:featuredmedia":[{"embeddable":true,"href":"https:\/\/diarioregionaldigital.com.br\/index.php?rest_route=\/wp\/v2\/media\/203772"}],"wp:attachment":[{"href":"https:\/\/diarioregionaldigital.com.br\/index.php?rest_route=%2Fwp%2Fv2%2Fmedia&parent=203771"}],"wp:term":[{"taxonomy":"category","embeddable":true,"href":"https:\/\/diarioregionaldigital.com.br\/index.php?rest_route=%2Fwp%2Fv2%2Fcategories&post=203771"},{"taxonomy":"post_tag","embeddable":true,"href":"https:\/\/diarioregionaldigital.com.br\/index.php?rest_route=%2Fwp%2Fv2%2Ftags&post=203771"}],"curies":[{"name":"wp","href":"https:\/\/api.w.org\/{rel}","templated":true}]}}