{"id":203765,"date":"2022-09-01T18:39:14","date_gmt":"2022-09-01T21:39:14","guid":{"rendered":"https:\/\/diarioregionaldigital.com.br\/?p=203765"},"modified":"2022-09-01T18:39:14","modified_gmt":"2022-09-01T21:39:14","slug":"balanca-comercial-registra-superavit-de-us-416-bilhoes-em-agosto","status":"publish","type":"post","link":"https:\/\/diarioregionaldigital.com.br\/?p=203765","title":{"rendered":"Balan\u00e7a comercial registra super\u00e1vit de US$ 4,16 bilh\u00f5es em agosto"},"content":{"rendered":"<p>A queda do pre\u00e7o internacional do ferro e o encarecimento de fertilizantes e petr\u00f3leo fizeram o super\u00e1vit da balan\u00e7a comercial encolher em agosto. No m\u00eas passado, o pa\u00eds exportou US$ 4,165 bilh\u00f5es a mais do que importou &#8212; queda de 48% em rela\u00e7\u00e3o ao registrado em agosto do ano passado.<\/p>\n<p>De janeiro a agosto deste ano, a balan\u00e7a comercial acumula super\u00e1vit de US$ 44,054 bilh\u00f5es. Isso representa 15,8% a menos que o registrado de janeiro a agosto do ano passado. Apesar do recuo, o saldo \u00e9 o segundo melhor da hist\u00f3ria para o per\u00edodo, perdendo apenas para os oito primeiros meses de 2021, quando o super\u00e1vit tinha fechado em US$ 52,039 bilh\u00f5es<\/p>\n<p>No m\u00eas passado, o Brasil vendeu US$ 30.84 bilh\u00f5es para o exterior e comprou US$ 26.675 bilh\u00f5es. Tanto as importa\u00e7\u00f5es como as exporta\u00e7\u00f5es bateram recorde em agosto, desde o in\u00edcio da s\u00e9rie hist\u00f3rica, em 1989. As exporta\u00e7\u00f5es subiram 18,4% em rela\u00e7\u00e3o a agosto do ano passado, pelo crit\u00e9rio da m\u00e9dia di\u00e1ria. As importa\u00e7\u00f5es, no entanto, aumentaram em ritmo maior: 31,5% na mesma compara\u00e7\u00e3o.<\/p>\n<p>No caso das exporta\u00e7\u00f5es, o recorde deve-se mais ao aumento dos embarques que dos pre\u00e7os internacionais das mercadorias do que do volume comercializado. No m\u00eas passado, o volume de mercadorias exportadas subiu em m\u00e9dia 8% na compara\u00e7\u00e3o com agosto do ano passado, enquanto os pre\u00e7os m\u00e9dios aumentaram 5,3%. A desacelera\u00e7\u00e3o dos pre\u00e7os foi puxada pelo min\u00e9rio de ferro, cuja cota\u00e7\u00e3o caiu 52,6% na mesma compara\u00e7\u00e3o, e por produtos semiacabados de ferro ou de a\u00e7o, cujo pre\u00e7o recuou 14,3%.<\/p>\n<p>Nas importa\u00e7\u00f5es, a quantidade comprada subiu 14,9%, mas os pre\u00e7os m\u00e9dios aumentaram 20,5%. A alta dos pre\u00e7os foi puxada principalmente por adubos, fertilizantes, petr\u00f3leo, g\u00e1s natural, carv\u00e3o mineral e trigo, itens que ficaram mais caros ap\u00f3s o in\u00edcio da guerra entre R\u00fassia e Ucr\u00e2nia.<img decoding=\"async\" src=\"https:\/\/agenciabrasil.ebc.com.br\/ebc.png?id=1480376&amp;o=node\" \/><img decoding=\"async\" src=\"https:\/\/agenciabrasil.ebc.com.br\/ebc.gif?id=1480376&amp;o=node\" \/><\/p>\n<h2>Setores<\/h2>\n<p>Ao comparar o setor agropecu\u00e1rio, o aumento nos pre\u00e7os internacionais pesou mais nas exporta\u00e7\u00f5es. O volume de mercadorias embarcadas subiu 10,7% em agosto na compara\u00e7\u00e3o com o mesmo m\u00eas de 2021, enquanto o pre\u00e7o m\u00e9dio subiu 31,3%. Na ind\u00fastria de transforma\u00e7\u00e3o, a quantidade exportada subiu 15,7%, com o pre\u00e7o m\u00e9dio aumentando 13,9%.<\/p>\n<p>Na ind\u00fastria extrativa, que engloba a exporta\u00e7\u00e3o de min\u00e9rios e de petr\u00f3leo, a quantidade exportada caiu 6,6%, enquanto os pre\u00e7os m\u00e9dios recuaram 22% em rela\u00e7\u00e3o a agosto do ano passado. Embora o pre\u00e7o m\u00e9dio do petr\u00f3leo bruto tenha subido 28,6% nessa compara\u00e7\u00e3o, o pre\u00e7o do min\u00e9rio de ferro caiu 52,6%, puxado pelos\u00a0<em>lockdowns<\/em>\u00a0(confinamentos) na China, que reduziram a demanda internacional.<\/p>\n<p>Os produtos com maior destaque nas exporta\u00e7\u00f5es agropecu\u00e1rias foram milho n\u00e3o mo\u00eddo, exceto milho doce (+136,8%), caf\u00e9 n\u00e3o torrado (+24,2%) e soja (+16,6%) na agropecu\u00e1ria. O destaque negativo foi a madeira bruta, cujas exporta\u00e7\u00f5es ca\u00edram 54% de agosto do ano passado a agosto deste ano.<\/p>\n<p>Na ind\u00fastria extrativa, os maiores crescimentos foram registrados nas exporta\u00e7\u00f5es de \u00f3leos minerais brutos (+64,7%), outros min\u00e9rios e concentrados dos metais de base (+33,7%) e petr\u00f3leo bruto (+10,6%). Na ind\u00fastria de transforma\u00e7\u00e3o, as maiores altas ocorreram nos combust\u00edveis (+76,8%) e autom\u00f3veis de passageiros (+100,7%).<\/p>\n<p>Quanto \u00e0s importa\u00e7\u00f5es, os maiores aumentos foram registrados nos seguintes produtos: cevada n\u00e3o mo\u00edda (+1.133%), milho n\u00e3o mo\u00eddo (+86%) e trigo e centeio n\u00e3o mo\u00eddos (+37,8%), na agropecu\u00e1ria; petr\u00f3leo bruto (+174%) e carv\u00e3o n\u00e3o aglomerado (+79,6%), na ind\u00fastria extrativa; e combust\u00edveis (+65,1%) e adubos ou fertilizantes qu\u00edmicos processados (+51,8%) e v\u00e1lvulas de c\u00e1todo (+65,2%), na ind\u00fastria de transforma\u00e7\u00e3o.<\/p>\n<p>Em rela\u00e7\u00e3o aos adubos e aos fertilizantes, o crescimento nas importa\u00e7\u00f5es decorre inteiramente do pre\u00e7o, que subiu 51,8% em agosto na compara\u00e7\u00e3o com o mesmo m\u00eas do ano passado. O volume importado caiu 22,9% por causa da guerra entre R\u00fassia e Ucr\u00e2nia.<\/p>\n<h2>Estimativa<\/h2>\n<p>Em julho, o governo tinha<a href=\"https:\/\/agenciabrasil.ebc.com.br\/economia\/noticia\/2022-07\/ministerio-reduz-para-us-815-bilhoes-projecao-de-superavit-comercial\" target=\"_blank\" rel=\"noopener\">\u00a0reduzido para US$ 81,5 bilh\u00f5es<\/a>\u00a0a proje\u00e7\u00e3o de super\u00e1vit comercial para 2022, por causa do encarecimento do petr\u00f3leo e dos fertilizantes. Apesar da queda na estimativa, esse valor garantiria super\u00e1vit comercial recorde para o pa\u00eds. A pr\u00f3xima estimativa sai em outubro.<\/p>\n<p>As estimativas oficiais s\u00e3o atualizadas a cada tr\u00eas meses. As previs\u00f5es est\u00e3o mais otimistas que as do mercado financeiro. O boletim Focus, pesquisa com analistas de mercado divulgada toda semana pelo Banco Central, projeta super\u00e1vit de US$ 68,06 bilh\u00f5es neste ano.<\/p>\n<p><span style=\"font-weight: 400;\">Fonte: Ag\u00eancia Brasil <\/span><\/p>\n","protected":false},"excerpt":{"rendered":"<p>A queda do pre\u00e7o internacional do ferro e o encarecimento de fertilizantes e petr\u00f3leo fizeram o super\u00e1vit da balan\u00e7a comercial encolher em agosto. No m\u00eas passado, o pa\u00eds exportou US$ 4,165 bilh\u00f5es a mais do que importou &#8212; queda de 48% em rela\u00e7\u00e3o ao registrado em agosto do ano passado. De janeiro a agosto deste [&hellip;]<\/p>\n","protected":false},"author":246,"featured_media":203766,"comment_status":"closed","ping_status":"closed","sticky":false,"template":"","format":"standard","meta":{"footnotes":""},"categories":[436,440,261,439],"tags":[],"class_list":["post-203765","post","type-post","status-publish","format-standard","has-post-thumbnail","hentry","category-destaque-da-semana","category-destaques-do-dia","category-economia","category-ultima-hora"],"_links":{"self":[{"href":"https:\/\/diarioregionaldigital.com.br\/index.php?rest_route=\/wp\/v2\/posts\/203765","targetHints":{"allow":["GET"]}}],"collection":[{"href":"https:\/\/diarioregionaldigital.com.br\/index.php?rest_route=\/wp\/v2\/posts"}],"about":[{"href":"https:\/\/diarioregionaldigital.com.br\/index.php?rest_route=\/wp\/v2\/types\/post"}],"author":[{"embeddable":true,"href":"https:\/\/diarioregionaldigital.com.br\/index.php?rest_route=\/wp\/v2\/users\/246"}],"replies":[{"embeddable":true,"href":"https:\/\/diarioregionaldigital.com.br\/index.php?rest_route=%2Fwp%2Fv2%2Fcomments&post=203765"}],"version-history":[{"count":1,"href":"https:\/\/diarioregionaldigital.com.br\/index.php?rest_route=\/wp\/v2\/posts\/203765\/revisions"}],"predecessor-version":[{"id":203767,"href":"https:\/\/diarioregionaldigital.com.br\/index.php?rest_route=\/wp\/v2\/posts\/203765\/revisions\/203767"}],"wp:featuredmedia":[{"embeddable":true,"href":"https:\/\/diarioregionaldigital.com.br\/index.php?rest_route=\/wp\/v2\/media\/203766"}],"wp:attachment":[{"href":"https:\/\/diarioregionaldigital.com.br\/index.php?rest_route=%2Fwp%2Fv2%2Fmedia&parent=203765"}],"wp:term":[{"taxonomy":"category","embeddable":true,"href":"https:\/\/diarioregionaldigital.com.br\/index.php?rest_route=%2Fwp%2Fv2%2Fcategories&post=203765"},{"taxonomy":"post_tag","embeddable":true,"href":"https:\/\/diarioregionaldigital.com.br\/index.php?rest_route=%2Fwp%2Fv2%2Ftags&post=203765"}],"curies":[{"name":"wp","href":"https:\/\/api.w.org\/{rel}","templated":true}]}}