{"id":203755,"date":"2022-08-31T21:35:00","date_gmt":"2022-09-01T00:35:00","guid":{"rendered":"https:\/\/diarioregionaldigital.com.br\/?p=203755"},"modified":"2022-08-31T21:35:00","modified_gmt":"2022-09-01T00:35:00","slug":"adolescentes-lotam-palestra-sobre-violencia-contra-a-mulher-na-praca-ceu","status":"publish","type":"post","link":"https:\/\/diarioregionaldigital.com.br\/?p=203755","title":{"rendered":"Adolescentes lotam palestra sobre viol\u00eancia contra a mulher na Pra\u00e7a CEU"},"content":{"rendered":"<p>Segundo informa\u00e7\u00f5es do site da Prefeitura de Juiz de Fora (PJF), cerca de 140 alunos, do 8\u00ba e 9\u00ba ano, do ensino fundamental, da Escola Estadual Almirante Barroso, no Benfica, participaram de palestra realizada na Pra\u00e7a CEU (Centro de Artes e Esportes Unificados), nessa ter\u00e7a-feira, 30. Eles tiveram contato com representantes de \u00f3rg\u00e3os da rede de apoio e enfrentamento \u00e0 viol\u00eancia contra a mulher, vinculados \u00e0 Prefeitura de Juiz de Fora (PJF) e \u00e0 Pol\u00edcia Civil, durante atividade din\u00e2mica, informativa e de conscientiza\u00e7\u00e3o.<\/p>\n<p>O encontro, promovido pelo o Conselho Municipal de Seguran\u00e7a Urbana e Cidadania (Comsuc), encerrou a programa\u00e7\u00e3o da campanha Agosto Lil\u00e1s, colocando em evid\u00eancia a realidade, os desafios e as perspectivas para a mudan\u00e7a de cultura e a preven\u00e7\u00e3o da viol\u00eancia contra a mulher na sociedade brasileira.<\/p>\n<p>Fortalecer a cidadania, esse foi o objetivo da palestra que levou informa\u00e7\u00e3o sobre os servi\u00e7os que prestam atendimento \u00e0 mulher em Juiz de Fora e colocou em cena setores que trabalham na preven\u00e7\u00e3o dentro das comunidades, demonstrando que o enfrentamento \u00e0 viol\u00eancia tamb\u00e9m se d\u00e1 pelas a\u00e7\u00f5es de cultura. \u201c\u00c9 importante que esse p\u00fablico conhe\u00e7a os caminhos para acesso \u00e0 rede de enfrentamento \u00e0 viol\u00eancia dom\u00e9stica e familiar contra a mulher do munic\u00edpio, mantidos pela Prefeitura e pela Pol\u00edcia Civil. A participa\u00e7\u00e3o da Funalfa aponta a inser\u00e7\u00e3o das pol\u00edticas setoriais com fun\u00e7\u00e3o transformadora para a redu\u00e7\u00e3o da viol\u00eancia e a promo\u00e7\u00e3o da cultura da paz\u201d, explicou a secret\u00e1ria de seguran\u00e7a, Let\u00edcia Paiva Delgado.<\/p>\n<p>Em sua apresenta\u00e7\u00e3o, a secret\u00e1ria trouxe manifesta\u00e7\u00f5es introjetadas em comportamentos e na cultura, que revelam a naturaliza\u00e7\u00e3o da ideia de posse e da viol\u00eancia contra a mulher no Brasil. A exemplo da frase \u201cem briga de marido e mulher, ningu\u00e9m mete a colher\u201d e de m\u00fasicas populares como \u201cMaria Chiquinha\u201d, da dupla Sandy e J\u00fanior, que narra a descoberta do adult\u00e9rio, praticado pela esposa e encerra na promessa de morte feita pelo marido. \u201cO feminic\u00eddio no Brasil \u00e9 um produto social, cultural e hist\u00f3rico, fortemente validado pelo direito em uma sociedade machista e patriarcal\u201d afirmou, citando legisla\u00e7\u00e3o, que vigorou at\u00e9 1830, permitindo ao marido matar a mulher e o amante, baseado na rela\u00e7\u00e3o de domina\u00e7\u00e3o e poder.<\/p>\n<p>A coordenadora da Casa da Mulher, Fernanda Moura, trouxe ao p\u00fablico a hist\u00f3ria de Maria da Penha, v\u00edtima de duas tentativas de assassinato por parte de seu marido. Ela levou um tiro que a deixou parapl\u00e9gica e, ap\u00f3s isso, ainda sofreu nova investida, sendo eletrocutada na banheira pelo mesmo\u00a0 agressor. Fatos que a fizeram recorrer \u00e0 justi\u00e7a internacional, culminando com a cria\u00e7\u00e3o da Lei de Viol\u00eancia Dom\u00e9stica e Familiar, popularmente conhecida como Lei Maria da Penha.<\/p>\n<p>O Brasil \u00e9 o 5\u00ba pa\u00eds que mais mata mulheres. Em Juiz de Fora, a DEAM\/Pol\u00edcia Civil atende em m\u00e9dia 60 casos, por semana, de v\u00edtimas de viol\u00eancia dom\u00e9stica, familiar ou sexual, entre mulheres, adolescentes e crian\u00e7as. De acordo com a titular da delegacia, Alessandra Azalim, a nossa lei traz a vantagem de proteger a mulher v\u00edtima das diversas formas de viol\u00eancia, seja ela praticada por rela\u00e7\u00e3o de parentesco, por rela\u00e7\u00e3o \u00edntima de afeto ou de ambiente familiar.<\/p>\n<p>A gerente do Departamento de Cultura e Territ\u00f3rio da Funalfa, Silv\u00e2nia Santos, finalizou as falas, trazendo ao p\u00fablico uma din\u00e2mica interativa, em que os adolescentes respondiam e se posicionavam quanto aos tipos de viol\u00eancia e o que \u00e9 ou n\u00e3o correto em rela\u00e7\u00e3o \u00e0 mulher, a partir de situa\u00e7\u00f5es do dia a dia, bem pr\u00f3prias do universo jovem. Com isso, a plateia mostrou estar bem informada para agir com mais seguran\u00e7a e respeito na pr\u00e1tica da preven\u00e7\u00e3o \u00e0 viol\u00eancia contra a mulher.<\/p>\n<p>Participaram a Secretaria de Seguran\u00e7a Urbana e Cidadania (Sesuc), a Delegacia Especializada de Atendimento \u00e0 Mulher (DEAM), da Pol\u00edcia Civil; a Casa da Mulher, da Secretaria Especial de Direitos Humanos (SEDH) e a Funda\u00e7\u00e3o Cultural Alfredo Ferreira Lage (Funalfa).<\/p>\n","protected":false},"excerpt":{"rendered":"<p>Segundo informa\u00e7\u00f5es do site da Prefeitura de Juiz de Fora (PJF), cerca de 140 alunos, do 8\u00ba e 9\u00ba ano, do ensino fundamental, da Escola Estadual Almirante Barroso, no Benfica, participaram de palestra realizada na Pra\u00e7a CEU (Centro de Artes e Esportes Unificados), nessa ter\u00e7a-feira, 30. Eles tiveram contato com representantes de \u00f3rg\u00e3os da rede [&hellip;]<\/p>\n","protected":false},"author":246,"featured_media":203756,"comment_status":"closed","ping_status":"closed","sticky":false,"template":"","format":"standard","meta":{"footnotes":""},"categories":[253,436,439],"tags":[],"class_list":["post-203755","post","type-post","status-publish","format-standard","has-post-thumbnail","hentry","category-cidade","category-destaque-da-semana","category-ultima-hora"],"_links":{"self":[{"href":"https:\/\/diarioregionaldigital.com.br\/index.php?rest_route=\/wp\/v2\/posts\/203755","targetHints":{"allow":["GET"]}}],"collection":[{"href":"https:\/\/diarioregionaldigital.com.br\/index.php?rest_route=\/wp\/v2\/posts"}],"about":[{"href":"https:\/\/diarioregionaldigital.com.br\/index.php?rest_route=\/wp\/v2\/types\/post"}],"author":[{"embeddable":true,"href":"https:\/\/diarioregionaldigital.com.br\/index.php?rest_route=\/wp\/v2\/users\/246"}],"replies":[{"embeddable":true,"href":"https:\/\/diarioregionaldigital.com.br\/index.php?rest_route=%2Fwp%2Fv2%2Fcomments&post=203755"}],"version-history":[{"count":1,"href":"https:\/\/diarioregionaldigital.com.br\/index.php?rest_route=\/wp\/v2\/posts\/203755\/revisions"}],"predecessor-version":[{"id":203757,"href":"https:\/\/diarioregionaldigital.com.br\/index.php?rest_route=\/wp\/v2\/posts\/203755\/revisions\/203757"}],"wp:featuredmedia":[{"embeddable":true,"href":"https:\/\/diarioregionaldigital.com.br\/index.php?rest_route=\/wp\/v2\/media\/203756"}],"wp:attachment":[{"href":"https:\/\/diarioregionaldigital.com.br\/index.php?rest_route=%2Fwp%2Fv2%2Fmedia&parent=203755"}],"wp:term":[{"taxonomy":"category","embeddable":true,"href":"https:\/\/diarioregionaldigital.com.br\/index.php?rest_route=%2Fwp%2Fv2%2Fcategories&post=203755"},{"taxonomy":"post_tag","embeddable":true,"href":"https:\/\/diarioregionaldigital.com.br\/index.php?rest_route=%2Fwp%2Fv2%2Ftags&post=203755"}],"curies":[{"name":"wp","href":"https:\/\/api.w.org\/{rel}","templated":true}]}}