{"id":203655,"date":"2022-08-30T20:31:18","date_gmt":"2022-08-30T23:31:18","guid":{"rendered":"https:\/\/diarioregionaldigital.com.br\/?p=203655"},"modified":"2022-08-30T20:31:18","modified_gmt":"2022-08-30T23:31:18","slug":"melhora-das-expectativas-puxa-indice-de-confianca-do-comercio","status":"publish","type":"post","link":"https:\/\/diarioregionaldigital.com.br\/?p=203655","title":{"rendered":"Melhora das expectativas puxa \u00cdndice de Confian\u00e7a do Com\u00e9rcio"},"content":{"rendered":"<p>O \u00cdndice de Confian\u00e7a do Com\u00e9rcio, calculado pela Funda\u00e7\u00e3o Get\u00falio Vargas (FGV), teve alta de 4,3 pontos em agosto, com a melhora das expectativas dos empres\u00e1rios sobre o futuro do setor. A sondagem foi divulgada hoje (30), no Rio de Janeiro, pelo Instituto Brasileiro de Economia (IBRE) da FGV, com informa\u00e7\u00f5es de 780 empresas.<img decoding=\"async\" src=\"https:\/\/agenciabrasil.ebc.com.br\/ebc.png?id=1479717&amp;o=node\" \/><img decoding=\"async\" src=\"https:\/\/agenciabrasil.ebc.com.br\/ebc.gif?id=1479717&amp;o=node\" \/><\/p>\n<p>Segundo a pesquisa, apesar de o \u00edndice que mede as expectativas ter avan\u00e7ado de 84,8 para 94,5 pontos, a avalia\u00e7\u00e3o da situa\u00e7\u00e3o atual recuou de 105,6 pontos para 104,2 pontos, o que indica demanda ainda em queda.<\/p>\n<h2>Avan\u00e7o<\/h2>\n<p>Com as pontua\u00e7\u00f5es, o resultado global do \u00edndice avan\u00e7ou de 95,1 para 99,4 pontos, se aproximando do patamar de 100 pontos, que \u00e9 considerado neutro. Valores abaixo de 100 nessa escala s\u00e3o considerados negativos.<\/p>\n<p>O economista da FGV IBRE, Rodolpho Tobler, avalia que a desacelera\u00e7\u00e3o da infla\u00e7\u00e3o, medidas de est\u00edmulo do governo e a melhora da confian\u00e7a do consumidor contribuem para o \u00e2nimo dos empres\u00e1rios do setor para os pr\u00f3ximos meses.<\/p>\n<p>&#8220;Contudo, embora mais otimistas, isso n\u00e3o tem se refletido nas avalia\u00e7\u00f5es sobre o presente, j\u00e1 que, pelo segundo m\u00eas consecutivo, os indicadores que medem a demanda seguem em queda. Para os pr\u00f3ximos meses, ainda \u00e9 poss\u00edvel imaginar resultados positivos, mas \u00e9 necess\u00e1ria cautela, considerando o ambiente macroecon\u00f4mico ainda fr\u00e1gil e com alguma oscila\u00e7\u00e3o devido \u00e0 proximidade das elei\u00e7\u00f5es&#8221;, explicou.<\/p>\n<p><span style=\"font-weight: 400;\"><br \/>\n<\/span><span style=\"font-weight: 400;\">Fonte: Ag\u00eancia Brasil <\/span><\/p>\n","protected":false},"excerpt":{"rendered":"<p>O \u00cdndice de Confian\u00e7a do Com\u00e9rcio, calculado pela Funda\u00e7\u00e3o Get\u00falio Vargas (FGV), teve alta de 4,3 pontos em agosto, com a melhora das expectativas dos empres\u00e1rios sobre o futuro do setor. A sondagem foi divulgada hoje (30), no Rio de Janeiro, pelo Instituto Brasileiro de Economia (IBRE) da FGV, com informa\u00e7\u00f5es de 780 empresas. Segundo [&hellip;]<\/p>\n","protected":false},"author":246,"featured_media":203657,"comment_status":"closed","ping_status":"closed","sticky":false,"template":"","format":"standard","meta":{"footnotes":""},"categories":[436,440,261,439],"tags":[],"class_list":["post-203655","post","type-post","status-publish","format-standard","has-post-thumbnail","hentry","category-destaque-da-semana","category-destaques-do-dia","category-economia","category-ultima-hora"],"_links":{"self":[{"href":"https:\/\/diarioregionaldigital.com.br\/index.php?rest_route=\/wp\/v2\/posts\/203655","targetHints":{"allow":["GET"]}}],"collection":[{"href":"https:\/\/diarioregionaldigital.com.br\/index.php?rest_route=\/wp\/v2\/posts"}],"about":[{"href":"https:\/\/diarioregionaldigital.com.br\/index.php?rest_route=\/wp\/v2\/types\/post"}],"author":[{"embeddable":true,"href":"https:\/\/diarioregionaldigital.com.br\/index.php?rest_route=\/wp\/v2\/users\/246"}],"replies":[{"embeddable":true,"href":"https:\/\/diarioregionaldigital.com.br\/index.php?rest_route=%2Fwp%2Fv2%2Fcomments&post=203655"}],"version-history":[{"count":1,"href":"https:\/\/diarioregionaldigital.com.br\/index.php?rest_route=\/wp\/v2\/posts\/203655\/revisions"}],"predecessor-version":[{"id":203658,"href":"https:\/\/diarioregionaldigital.com.br\/index.php?rest_route=\/wp\/v2\/posts\/203655\/revisions\/203658"}],"wp:featuredmedia":[{"embeddable":true,"href":"https:\/\/diarioregionaldigital.com.br\/index.php?rest_route=\/wp\/v2\/media\/203657"}],"wp:attachment":[{"href":"https:\/\/diarioregionaldigital.com.br\/index.php?rest_route=%2Fwp%2Fv2%2Fmedia&parent=203655"}],"wp:term":[{"taxonomy":"category","embeddable":true,"href":"https:\/\/diarioregionaldigital.com.br\/index.php?rest_route=%2Fwp%2Fv2%2Fcategories&post=203655"},{"taxonomy":"post_tag","embeddable":true,"href":"https:\/\/diarioregionaldigital.com.br\/index.php?rest_route=%2Fwp%2Fv2%2Ftags&post=203655"}],"curies":[{"name":"wp","href":"https:\/\/api.w.org\/{rel}","templated":true}]}}