{"id":203634,"date":"2022-08-29T16:00:51","date_gmt":"2022-08-29T19:00:51","guid":{"rendered":"https:\/\/diarioregionaldigital.com.br\/?p=203634"},"modified":"2022-08-29T16:00:51","modified_gmt":"2022-08-29T19:00:51","slug":"prefeitura-arrecada-caixas-de-leite-e-suco-vazias-para-producao-de-brinquedos","status":"publish","type":"post","link":"https:\/\/diarioregionaldigital.com.br\/?p=203634","title":{"rendered":"Prefeitura arrecada caixas de leite e suco vazias para produ\u00e7\u00e3o de brinquedos"},"content":{"rendered":"<p>Segundo informa\u00e7\u00f5es do site da Prefeitura de Juiz de Fora (PJF), a\u00a0partir desta semana, a Prefeitura de Juiz de Fora (PJF) arrecada caixas utilizadas em embalagens de leites e sucos. O material vai ser transformado em brinquedos para distribui\u00e7\u00e3o a crian\u00e7as. Quem quiser contribuir com a campanha, pode entregar as caixas limpas em um dos quatro postos de arrecada\u00e7\u00e3o da cidade: portaria do pr\u00e9dio sede da Prefeitura, \u00e0 Avenida Brasil 2001; Secretaria de Educa\u00e7\u00e3o, no Complexo Cultural Bernardo Mascarenhas, \u00e0 Avenida Get\u00falio Vargas, 200; Secretaria de Seguran\u00e7a Urbana e Cidadania, \u00e0 Avenida Sete de Setembro, 768; e na Escola Municipal Jovita de Montreuil Brand\u00e3o, no Parque das \u00c1guas.<\/p>\n<p>Al\u00e9m de fazer a alegria de crian\u00e7as, a reutiliza\u00e7\u00e3o das caixas que seriam descartadas no lixo incorpora a vertente da consci\u00eancia ambiental. Ainda que, em pequena escala, a iniciativa impede que estes materiais, depois do consumo de seus conte\u00fados, sejam depositados no meio ambiente. Um trabalho exemplar, que busca sensibilizar a comunidade e ensinar \u00e0s novas gera\u00e7\u00f5es sobre rela\u00e7\u00f5es de respeito com a natureza.<\/p>\n<p>Para quem for doar caixas, \u00e9 importante fazer a limpeza interna, de cada uma, em \u00e1gua corrente, a fim de retirar restos de l\u00edquido org\u00e2nico. Elas devem ser colocadas para escorrer e secar, evitando a perman\u00eancia de umidade e a prolifera\u00e7\u00e3o de mau cheiro e insetos.<\/p>\n","protected":false},"excerpt":{"rendered":"<p>Segundo informa\u00e7\u00f5es do site da Prefeitura de Juiz de Fora (PJF), a\u00a0partir desta semana, a Prefeitura de Juiz de Fora (PJF) arrecada caixas utilizadas em embalagens de leites e sucos. O material vai ser transformado em brinquedos para distribui\u00e7\u00e3o a crian\u00e7as. Quem quiser contribuir com a campanha, pode entregar as caixas limpas em um dos [&hellip;]<\/p>\n","protected":false},"author":246,"featured_media":203635,"comment_status":"closed","ping_status":"closed","sticky":false,"template":"","format":"standard","meta":{"footnotes":""},"categories":[253,436,439],"tags":[],"class_list":["post-203634","post","type-post","status-publish","format-standard","has-post-thumbnail","hentry","category-cidade","category-destaque-da-semana","category-ultima-hora"],"_links":{"self":[{"href":"https:\/\/diarioregionaldigital.com.br\/index.php?rest_route=\/wp\/v2\/posts\/203634","targetHints":{"allow":["GET"]}}],"collection":[{"href":"https:\/\/diarioregionaldigital.com.br\/index.php?rest_route=\/wp\/v2\/posts"}],"about":[{"href":"https:\/\/diarioregionaldigital.com.br\/index.php?rest_route=\/wp\/v2\/types\/post"}],"author":[{"embeddable":true,"href":"https:\/\/diarioregionaldigital.com.br\/index.php?rest_route=\/wp\/v2\/users\/246"}],"replies":[{"embeddable":true,"href":"https:\/\/diarioregionaldigital.com.br\/index.php?rest_route=%2Fwp%2Fv2%2Fcomments&post=203634"}],"version-history":[{"count":1,"href":"https:\/\/diarioregionaldigital.com.br\/index.php?rest_route=\/wp\/v2\/posts\/203634\/revisions"}],"predecessor-version":[{"id":203636,"href":"https:\/\/diarioregionaldigital.com.br\/index.php?rest_route=\/wp\/v2\/posts\/203634\/revisions\/203636"}],"wp:featuredmedia":[{"embeddable":true,"href":"https:\/\/diarioregionaldigital.com.br\/index.php?rest_route=\/wp\/v2\/media\/203635"}],"wp:attachment":[{"href":"https:\/\/diarioregionaldigital.com.br\/index.php?rest_route=%2Fwp%2Fv2%2Fmedia&parent=203634"}],"wp:term":[{"taxonomy":"category","embeddable":true,"href":"https:\/\/diarioregionaldigital.com.br\/index.php?rest_route=%2Fwp%2Fv2%2Fcategories&post=203634"},{"taxonomy":"post_tag","embeddable":true,"href":"https:\/\/diarioregionaldigital.com.br\/index.php?rest_route=%2Fwp%2Fv2%2Ftags&post=203634"}],"curies":[{"name":"wp","href":"https:\/\/api.w.org\/{rel}","templated":true}]}}