{"id":203613,"date":"2022-08-29T15:32:44","date_gmt":"2022-08-29T18:32:44","guid":{"rendered":"https:\/\/diarioregionaldigital.com.br\/?p=203613"},"modified":"2022-08-29T15:32:44","modified_gmt":"2022-08-29T18:32:44","slug":"ministro-do-tse-manda-remover-audio-falso-de-aldo-rebelo-contra-lula","status":"publish","type":"post","link":"https:\/\/diarioregionaldigital.com.br\/?p=203613","title":{"rendered":"Ministro do TSE manda remover \u00e1udio falso de Aldo Rebelo contra Lula"},"content":{"rendered":"<p>O ministro Raul Ara\u00fajo, do Tribunal Superior Eleitoral (TSE), ordenou hoje (27), em Bras\u00edlia, a retirada de uma s\u00e9rie de postagens nas redes sociais com um \u00e1udio falsamente atribu\u00eddo ao ex-ministro da Defesa Aldo Rebelo, em que ele falaria mal do Partido dos Trabalhadores (PT) e do ex-presidente Luiz In\u00e1cio Lula da Silva, candidato \u00e0 Presid\u00eancia.<img decoding=\"async\" src=\"https:\/\/agenciabrasil.ebc.com.br\/ebc.png?id=1479199&amp;o=node\" \/><img decoding=\"async\" src=\"https:\/\/agenciabrasil.ebc.com.br\/ebc.gif?id=1479199&amp;o=node\" \/><\/p>\n<p>Candidato ao Senado pelo PDT de S\u00e3o Paulo, o pr\u00f3prio Rebelo nega autoria do \u00e1udio. \u201cAldo Rebelo (ex-ministro e ex-deputado) estaria responsabilizando Lula e os governos do PT pela corrup\u00e7\u00e3o na Petrobras e pela alta dos pre\u00e7os do combust\u00edvel\u201d, diz uma das postagens, feita pelo deputado estadual Bruno Engler (PL-MG). A informa\u00e7\u00e3o inver\u00eddica foi publicada em 57 perfis em diferentes redes sociais.<\/p>\n<h2>Remo\u00e7\u00e3o \u00e9 pedida<\/h2>\n<p>A Coliga\u00e7\u00e3o Brasil da Esperan\u00e7a, que apoia o ex-presidente Luiz In\u00e1cio Lula da Silva, pediu ao TSE a remo\u00e7\u00e3o das publica\u00e7\u00f5es, alegando, entre outros pontos, que diversas ag\u00eancias de checagem conclu\u00edram que o \u00e1udio \u00e9 falso.<\/p>\n<p>A algumas dessas ag\u00eancias, o pr\u00f3prio Rebelo negou que a voz do \u00e1udio seja sua. A pe\u00e7a faz parte de uma \u201cestrat\u00e9gia de desinforma\u00e7\u00e3o e propaga\u00e7\u00e3o de fake news [not\u00edcias falsas]\u201d, disseram os advogados Eug\u00eanio Arag\u00e3o e Cristiano Zanin Martins.<\/p>\n<p>O ministro Raul Ara\u00fajo concordou com os advogados. Na decis\u00e3o, ele destacou \u201cque as publica\u00e7\u00f5es impugnadas \u2013 embora em formatos diversos \u2013 s\u00e3o inver\u00eddicas, pois Aldo Rebelo n\u00e3o gravou o \u00e1udio impugnado, informa\u00e7\u00e3o que foi confirmada por ele no seu perfil no Twitter, em 24.5.2022, bem como por diversas ag\u00eancias de checagem. Trata-se, portanto, de conte\u00fado produzido para disseminar desinforma\u00e7\u00e3o\u201d.<\/p>\n<p>O ministro deu prazo de 24 horas para que as redes sociais YouTube, Facebook, Instragram, Gettr e TikTok removam o \u00e1udio de diversos perfis de pol\u00edticos e influenciadores em suas plataformas. Ele determinou, ainda, a cita\u00e7\u00e3o dos respons\u00e1veis pelas postagens para que apresentem defesa.<\/p>\n<p><span style=\"font-weight: 400;\">Fonte: Ag\u00eancia Brasil <\/span><\/p>\n","protected":false},"excerpt":{"rendered":"<p>O ministro Raul Ara\u00fajo, do Tribunal Superior Eleitoral (TSE), ordenou hoje (27), em Bras\u00edlia, a retirada de uma s\u00e9rie de postagens nas redes sociais com um \u00e1udio falsamente atribu\u00eddo ao ex-ministro da Defesa Aldo Rebelo, em que ele falaria mal do Partido dos Trabalhadores (PT) e do ex-presidente Luiz In\u00e1cio Lula da Silva, candidato \u00e0 [&hellip;]<\/p>\n","protected":false},"author":246,"featured_media":203614,"comment_status":"closed","ping_status":"closed","sticky":false,"template":"","format":"standard","meta":{"footnotes":""},"categories":[436,254,439],"tags":[],"class_list":["post-203613","post","type-post","status-publish","format-standard","has-post-thumbnail","hentry","category-destaque-da-semana","category-politica","category-ultima-hora"],"_links":{"self":[{"href":"https:\/\/diarioregionaldigital.com.br\/index.php?rest_route=\/wp\/v2\/posts\/203613","targetHints":{"allow":["GET"]}}],"collection":[{"href":"https:\/\/diarioregionaldigital.com.br\/index.php?rest_route=\/wp\/v2\/posts"}],"about":[{"href":"https:\/\/diarioregionaldigital.com.br\/index.php?rest_route=\/wp\/v2\/types\/post"}],"author":[{"embeddable":true,"href":"https:\/\/diarioregionaldigital.com.br\/index.php?rest_route=\/wp\/v2\/users\/246"}],"replies":[{"embeddable":true,"href":"https:\/\/diarioregionaldigital.com.br\/index.php?rest_route=%2Fwp%2Fv2%2Fcomments&post=203613"}],"version-history":[{"count":1,"href":"https:\/\/diarioregionaldigital.com.br\/index.php?rest_route=\/wp\/v2\/posts\/203613\/revisions"}],"predecessor-version":[{"id":203615,"href":"https:\/\/diarioregionaldigital.com.br\/index.php?rest_route=\/wp\/v2\/posts\/203613\/revisions\/203615"}],"wp:featuredmedia":[{"embeddable":true,"href":"https:\/\/diarioregionaldigital.com.br\/index.php?rest_route=\/wp\/v2\/media\/203614"}],"wp:attachment":[{"href":"https:\/\/diarioregionaldigital.com.br\/index.php?rest_route=%2Fwp%2Fv2%2Fmedia&parent=203613"}],"wp:term":[{"taxonomy":"category","embeddable":true,"href":"https:\/\/diarioregionaldigital.com.br\/index.php?rest_route=%2Fwp%2Fv2%2Fcategories&post=203613"},{"taxonomy":"post_tag","embeddable":true,"href":"https:\/\/diarioregionaldigital.com.br\/index.php?rest_route=%2Fwp%2Fv2%2Ftags&post=203613"}],"curies":[{"name":"wp","href":"https:\/\/api.w.org\/{rel}","templated":true}]}}