{"id":203604,"date":"2022-08-29T15:27:05","date_gmt":"2022-08-29T18:27:05","guid":{"rendered":"https:\/\/diarioregionaldigital.com.br\/?p=203604"},"modified":"2022-08-29T15:27:05","modified_gmt":"2022-08-29T18:27:05","slug":"candidato-mais-velho-nas-eleicoes-tem-5-vezes-idade-da-mais-nova","status":"publish","type":"post","link":"https:\/\/diarioregionaldigital.com.br\/?p=203604","title":{"rendered":"Candidato mais velho nas elei\u00e7\u00f5es tem 5 vezes idade da mais nova"},"content":{"rendered":"<p>O candidato mais velho a pedir registro nas Elei\u00e7\u00f5es 2022 \u00e9 Jos\u00e9 Ribamar Cutrim Gomes, de 95 anos, que concorre a uma vaga de deputado federal pelo PRTB (Partido Renovador Trabalhista Brasileiro) no Rio de Janeiro. Ele nasceu em 1927, ano que o Rio Grande do Norte se tornou o primeiro estado brasileiro a validar o voto feminino. O candidato nasceu em S\u00e3o Lu\u00eds, no Maranh\u00e3o.<img decoding=\"async\" src=\"https:\/\/agenciabrasil.ebc.com.br\/ebc.png?id=1479228&amp;o=node\" \/><img decoding=\"async\" src=\"https:\/\/agenciabrasil.ebc.com.br\/ebc.gif?id=1479228&amp;o=node\" \/><\/p>\n<p>A idade de Cutrim \u00e9 cinco vezes maior que a da candidata mais nova no pleito deste ano, Pamela Kathellen Silva Mendes, de 18 anos. Ela tenta uma cadeira de deputada estadual em Pernambuco, pelo PMN (<em>Partido da Mobiliza\u00e7\u00e3o Nacional)<\/em>, e se declarou como ind\u00edgena \u00e0 Justi\u00e7a Eleitoral. No campo ocupa\u00e7\u00e3o, consta a op\u00e7\u00e3o \u201coutros\u201d.<\/p>\n<p>Cutrim, por sua vez, \u00e9 natural de S\u00e3o Lu\u00eds se declarou branco e aposentado. Essa \u00e9 a primeira elei\u00e7\u00e3o em que ele concorre, de acordo com a p\u00e1gina de divulga\u00e7\u00e3o de candidaturas e contas de campanha da\u00a0<a href=\"http:\/\/divulgacandcontas.tse.jus.br\/divulga\" target=\"_blank\" rel=\"noopener\">Justi\u00e7a Eleitoral<\/a>.<\/p>\n<h2>Faixas et\u00e1rias<\/h2>\n<p>A faixa et\u00e1ria entre 45 e 49 anos \u00e9 a que tem mais\u00a0 candidatos &#8211; 4.762 &#8211; contabilizando todos os cargos disputados nas Elei\u00e7\u00f5es 2022 \u2013 presidente, governador, senador e deputados federais e estaduais ou distritais.<\/p>\n<p>Depois vem a faixa et\u00e1ria entre 40 e 44 anos, com 4.519 candidatos, seguida por 55 a 59 anos (4.516), 60 a 64 anos (3.857) e 30 a 34 anos (3.118). Os n\u00fameros finais ainda podem variar, pois alguns candidatos ainda devem ter o pedido de registro negado pela Justi\u00e7a Eleitoral.<\/p>\n<p>Essa e outras curiosidades podem ser encontradas no\u00a0<a href=\"https:\/\/sig.tse.jus.br\/ords\/dwapr\/seai\/r\/sig-eleicao\/home?session=9661413199671\" target=\"_blank\" rel=\"noopener\">Sistema de Estat\u00edsticas Eleitorais<\/a>, reposit\u00f3rio online em que a Justi\u00e7a Eleitoral atualiza as informa\u00e7\u00f5es sobre candidatos, eleitorado e mes\u00e1rios, entre outras.<\/p>\n<p><span style=\"font-weight: 400;\">Fonte: Ag\u00eancia Brasil <\/span><\/p>\n","protected":false},"excerpt":{"rendered":"<p>O candidato mais velho a pedir registro nas Elei\u00e7\u00f5es 2022 \u00e9 Jos\u00e9 Ribamar Cutrim Gomes, de 95 anos, que concorre a uma vaga de deputado federal pelo PRTB (Partido Renovador Trabalhista Brasileiro) no Rio de Janeiro. Ele nasceu em 1927, ano que o Rio Grande do Norte se tornou o primeiro estado brasileiro a validar [&hellip;]<\/p>\n","protected":false},"author":246,"featured_media":203605,"comment_status":"closed","ping_status":"closed","sticky":false,"template":"","format":"standard","meta":{"footnotes":""},"categories":[436,440,254,439],"tags":[],"class_list":["post-203604","post","type-post","status-publish","format-standard","has-post-thumbnail","hentry","category-destaque-da-semana","category-destaques-do-dia","category-politica","category-ultima-hora"],"_links":{"self":[{"href":"https:\/\/diarioregionaldigital.com.br\/index.php?rest_route=\/wp\/v2\/posts\/203604","targetHints":{"allow":["GET"]}}],"collection":[{"href":"https:\/\/diarioregionaldigital.com.br\/index.php?rest_route=\/wp\/v2\/posts"}],"about":[{"href":"https:\/\/diarioregionaldigital.com.br\/index.php?rest_route=\/wp\/v2\/types\/post"}],"author":[{"embeddable":true,"href":"https:\/\/diarioregionaldigital.com.br\/index.php?rest_route=\/wp\/v2\/users\/246"}],"replies":[{"embeddable":true,"href":"https:\/\/diarioregionaldigital.com.br\/index.php?rest_route=%2Fwp%2Fv2%2Fcomments&post=203604"}],"version-history":[{"count":1,"href":"https:\/\/diarioregionaldigital.com.br\/index.php?rest_route=\/wp\/v2\/posts\/203604\/revisions"}],"predecessor-version":[{"id":203606,"href":"https:\/\/diarioregionaldigital.com.br\/index.php?rest_route=\/wp\/v2\/posts\/203604\/revisions\/203606"}],"wp:featuredmedia":[{"embeddable":true,"href":"https:\/\/diarioregionaldigital.com.br\/index.php?rest_route=\/wp\/v2\/media\/203605"}],"wp:attachment":[{"href":"https:\/\/diarioregionaldigital.com.br\/index.php?rest_route=%2Fwp%2Fv2%2Fmedia&parent=203604"}],"wp:term":[{"taxonomy":"category","embeddable":true,"href":"https:\/\/diarioregionaldigital.com.br\/index.php?rest_route=%2Fwp%2Fv2%2Fcategories&post=203604"},{"taxonomy":"post_tag","embeddable":true,"href":"https:\/\/diarioregionaldigital.com.br\/index.php?rest_route=%2Fwp%2Fv2%2Ftags&post=203604"}],"curies":[{"name":"wp","href":"https:\/\/api.w.org\/{rel}","templated":true}]}}