{"id":203601,"date":"2022-08-29T15:24:22","date_gmt":"2022-08-29T18:24:22","guid":{"rendered":"https:\/\/diarioregionaldigital.com.br\/?p=203601"},"modified":"2022-08-29T15:24:22","modified_gmt":"2022-08-29T18:24:22","slug":"mercado-financeiro-reduz-projecao-da-inflacao-de-682-para-67","status":"publish","type":"post","link":"https:\/\/diarioregionaldigital.com.br\/?p=203601","title":{"rendered":"Mercado financeiro reduz proje\u00e7\u00e3o da infla\u00e7\u00e3o de 6,82% para 6,7%"},"content":{"rendered":"<p>A previs\u00e3o do mercado financeiro para o \u00cdndice Nacional de Pre\u00e7os ao Consumidor Amplo (IPCA), considerada a infla\u00e7\u00e3o oficial do pa\u00eds, caiu de 6,82% para 6,7% neste ano. \u00c9 a nona redu\u00e7\u00e3o consecutiva da proje\u00e7\u00e3o. A estimativa est\u00e1 no\u00a0<em>Boletim Focus<\/em>\u00a0de hoje (29), pesquisa divulgada semanalmente pelo Banco Central (BC), com a expectativa de institui\u00e7\u00f5es para os principais indicadores econ\u00f4micos.<img decoding=\"async\" src=\"https:\/\/agenciabrasil.ebc.com.br\/ebc.png?id=1479361&amp;o=node\" \/><img decoding=\"async\" src=\"https:\/\/agenciabrasil.ebc.com.br\/ebc.gif?id=1479361&amp;o=node\" \/><\/p>\n<p>Para 2023, a estimativa de infla\u00e7\u00e3o ficou em 5,3%. Para 2024 e 2025, as previs\u00f5es s\u00e3o de 3,41% e 3%, respectivamente.<\/p>\n<p>A previs\u00e3o para 2022 est\u00e1 acima da meta de infla\u00e7\u00e3o que deve ser perseguida pelo BC. A meta, definida pelo Conselho Monet\u00e1rio Nacional, \u00e9 de 3,5% para este ano, com intervalo de toler\u00e2ncia de 1,5 ponto percentual para cima ou para baixo. Ou seja, o limite inferior \u00e9 de 2,25% e o superior de 5,25%.<\/p>\n<p>Em julho, a\u00a0<a href=\"https:\/\/agenciabrasil.ebc.com.br\/economia\/noticia\/2022-08\/ipca-tem-deflacao-de-068-em-julho-menor-taxa-da-serie-historica#:~:text=O%20%C3%8Dndice%20Nacional%20de%20Pre%C3%A7os,ficou%20em%2010%2C07%25\" target=\"_blank\" rel=\"noopener\">infla\u00e7\u00e3o recuou 0,68%<\/a>, ap\u00f3s aumento de 0,67% registrada em junho. Com o resultado, o IPCA acumula alta de 4,77%, no ano, e 10,07%, em 12 meses. No m\u00eas de agosto, o IPCA-15, a pr\u00e9via da infla\u00e7\u00e3o oficial, tamb\u00e9m\u00a0<a href=\"https:\/\/agenciabrasil.ebc.com.br\/economia\/noticia\/2022-08\/ipca15-tem-deflacao-em-agosto\" target=\"_blank\" rel=\"noopener\">registrou defla\u00e7\u00e3o de 0,73%<\/a>, menor que a de junho (alta de 0,13%), segundo o Instituto Brasileiro de Geografia e Estat\u00edstica.<\/p>\n<h2>Taxa de juros<\/h2>\n<p>Para alcan\u00e7ar a meta de infla\u00e7\u00e3o, o Banco Central usa como principal instrumento a taxa b\u00e1sica de juros, a Selic, definida em 13,75% ao ano pelo Comit\u00ea de Pol\u00edtica Monet\u00e1ria (Copom). A taxa est\u00e1 no maior n\u00edvel desde janeiro de 2017, quando tamb\u00e9m estava em 13,75% ao ano.<\/p>\n<p>Para o mercado financeiro, a expectativa \u00e9 de que a Selic encerre o ano nesse patamar. Para o fim de 2023, a estimativa \u00e9 de que a taxa b\u00e1sica caia para 11% ao ano. E para 2024 e 2025, a previs\u00e3o \u00e9 de Selic em 8% ao ano e 7,5% ao ano, respectivamente.<\/p>\n<p>Quando o Copom aumenta a taxa b\u00e1sica de juros, a finalidade \u00e9 conter a demanda aquecida, e isso causa reflexos nos pre\u00e7os porque os juros mais altos encarecem o cr\u00e9dito e estimulam a poupan\u00e7a. Desse modo, taxas mais altas tamb\u00e9m podem dificultar a expans\u00e3o da economia. Al\u00e9m da taxa Selic, os bancos consideram outros fatores na hora de definir os juros cobrados dos consumidores, como risco de inadimpl\u00eancia, lucro e despesas administrativas.<\/p>\n<p>Quando o Copom reduz a Selic, a tend\u00eancia \u00e9 de que o cr\u00e9dito fique mais barato, com incentivo \u00e0 produ\u00e7\u00e3o e ao consumo, reduzindo o controle da infla\u00e7\u00e3o e estimulando a atividade econ\u00f4mica.<\/p>\n<h2>PIB e c\u00e2mbio<\/h2>\n<p>As institui\u00e7\u00f5es financeiras consultadas pelo BC elevaram a proje\u00e7\u00e3o para o crescimento da economia brasileira este ano de 2,02% para 2,10%. Para 2023, a expectativa para o Produto Interno Bruto (PIB) &#8211; a soma de todos os bens e servi\u00e7os produzidos no pa\u00eds &#8211; \u00e9 de crescimento de 0,37%. Em 2024 e 2025, o mercado financeiro projeta expans\u00e3o do PIB em 1,8% e 2%, respectivamente.<\/p>\n<p>A expectativa para a cota\u00e7\u00e3o do d\u00f3lar manteve-se em R$ 5,20 para o final deste ano. Para o fim de 2023, a previs\u00e3o \u00e9 de que a moeda americana tamb\u00e9m fique nesse mesmo patamar.<\/p>\n<p><span style=\"font-weight: 400;\">Fonte: Ag\u00eancia Brasil <\/span><\/p>\n","protected":false},"excerpt":{"rendered":"<p>A previs\u00e3o do mercado financeiro para o \u00cdndice Nacional de Pre\u00e7os ao Consumidor Amplo (IPCA), considerada a infla\u00e7\u00e3o oficial do pa\u00eds, caiu de 6,82% para 6,7% neste ano. \u00c9 a nona redu\u00e7\u00e3o consecutiva da proje\u00e7\u00e3o. A estimativa est\u00e1 no\u00a0Boletim Focus\u00a0de hoje (29), pesquisa divulgada semanalmente pelo Banco Central (BC), com a expectativa de institui\u00e7\u00f5es para [&hellip;]<\/p>\n","protected":false},"author":246,"featured_media":203602,"comment_status":"closed","ping_status":"closed","sticky":false,"template":"","format":"standard","meta":{"footnotes":""},"categories":[436,261,439],"tags":[],"class_list":["post-203601","post","type-post","status-publish","format-standard","has-post-thumbnail","hentry","category-destaque-da-semana","category-economia","category-ultima-hora"],"_links":{"self":[{"href":"https:\/\/diarioregionaldigital.com.br\/index.php?rest_route=\/wp\/v2\/posts\/203601","targetHints":{"allow":["GET"]}}],"collection":[{"href":"https:\/\/diarioregionaldigital.com.br\/index.php?rest_route=\/wp\/v2\/posts"}],"about":[{"href":"https:\/\/diarioregionaldigital.com.br\/index.php?rest_route=\/wp\/v2\/types\/post"}],"author":[{"embeddable":true,"href":"https:\/\/diarioregionaldigital.com.br\/index.php?rest_route=\/wp\/v2\/users\/246"}],"replies":[{"embeddable":true,"href":"https:\/\/diarioregionaldigital.com.br\/index.php?rest_route=%2Fwp%2Fv2%2Fcomments&post=203601"}],"version-history":[{"count":1,"href":"https:\/\/diarioregionaldigital.com.br\/index.php?rest_route=\/wp\/v2\/posts\/203601\/revisions"}],"predecessor-version":[{"id":203603,"href":"https:\/\/diarioregionaldigital.com.br\/index.php?rest_route=\/wp\/v2\/posts\/203601\/revisions\/203603"}],"wp:featuredmedia":[{"embeddable":true,"href":"https:\/\/diarioregionaldigital.com.br\/index.php?rest_route=\/wp\/v2\/media\/203602"}],"wp:attachment":[{"href":"https:\/\/diarioregionaldigital.com.br\/index.php?rest_route=%2Fwp%2Fv2%2Fmedia&parent=203601"}],"wp:term":[{"taxonomy":"category","embeddable":true,"href":"https:\/\/diarioregionaldigital.com.br\/index.php?rest_route=%2Fwp%2Fv2%2Fcategories&post=203601"},{"taxonomy":"post_tag","embeddable":true,"href":"https:\/\/diarioregionaldigital.com.br\/index.php?rest_route=%2Fwp%2Fv2%2Ftags&post=203601"}],"curies":[{"name":"wp","href":"https:\/\/api.w.org\/{rel}","templated":true}]}}