{"id":203598,"date":"2022-08-29T15:21:24","date_gmt":"2022-08-29T18:21:24","guid":{"rendered":"https:\/\/diarioregionaldigital.com.br\/?p=203598"},"modified":"2022-08-29T15:21:24","modified_gmt":"2022-08-29T18:21:24","slug":"fgv-confianca-da-industria-sobe-08-ponto-em-agosto","status":"publish","type":"post","link":"https:\/\/diarioregionaldigital.com.br\/?p=203598","title":{"rendered":"FGV: confian\u00e7a da ind\u00fastria sobe 0,8 ponto em agosto"},"content":{"rendered":"<p>O \u00cdndice de Confian\u00e7a da Ind\u00fastria (ICI) subiu 0,8 ponto em agosto\u00a0para 100,3 pontos. Em m\u00e9dias m\u00f3veis trimestrais, a eleva\u00e7\u00e3o foi de 0,2 ponto. Os dados foram divulgados\u00a0<span id=\"OBJ_PREFIX_DWT146_com_zimbra_date\" role=\"link\"><span id=\"OBJ_PREFIX_DWT154_com_zimbra_date\" role=\"link\">hoje<\/span><\/span>\u00a0(29) pelo Instituto Brasileiro de Economia da Funda\u00e7\u00e3o Getulio Vargas (FGV Ibre).<img decoding=\"async\" src=\"https:\/\/agenciabrasil.ebc.com.br\/ebc.png?id=1479363&amp;o=node\" \/><img decoding=\"async\" src=\"https:\/\/agenciabrasil.ebc.com.br\/ebc.gif?id=1479363&amp;o=node\" \/><\/p>\n<p>De acordo com o economista St\u00e9fano Pacini, do instituto, a alta indica o bom n\u00edvel de atividade mantido pelo setor no terceiro trimestre, com a melhora do ambiente de neg\u00f3cios influenciada pela descompress\u00e3o de custos com a queda de pre\u00e7os de combust\u00edveis e energia.<\/p>\n<p>\u201cOs n\u00edveis de demanda ainda est\u00e3o positivos e os estoques se mant\u00eam equilibrados, apesar do cen\u00e1rio ainda problem\u00e1tico quanto ao suprimento de alguns tipos de insumos. Esse quadro favor\u00e1vel se reflete nas previs\u00f5es ainda favor\u00e1veis para a evolu\u00e7\u00e3o do emprego no setor nos tr\u00eas meses. Nos demais quesitos que medem expectativas em rela\u00e7\u00e3o ao futuro pr\u00f3ximo, nota-se alguma cautela dos empres\u00e1rios frente a um segundo semestre de elei\u00e7\u00f5es e manuten\u00e7\u00e3o de juros mais elevados.\u201d<\/p>\n<h2>Componentes<\/h2>\n<p>Os dados mostram que houve alta da confian\u00e7a em nove dos 19 segmentos industriais monitorados pela sondagem em agosto. O \u00cdndice Situa\u00e7\u00e3o Atual (ISA) avan\u00e7ou 1,4 ponto e chegou a 102,8 pontos. O \u00cdndice de Expectativas (IE) subiu 0,3 pontos e atingiu 97,9 pontos.<\/p>\n<p>Segundo o FGV Ibre, o melhor desempenho no ISA foi verificado no indicador que mede o n\u00edvel dos estoques, com o recuo de 2,9 pontos, para 96,7 pontos. Isso coloca o indicador na regi\u00e3o neutra, apontando que os estoques estariam equilibrados.<\/p>\n<p>O indicador que mede a percep\u00e7\u00e3o dos empres\u00e1rios em rela\u00e7\u00e3o \u00e0 situa\u00e7\u00e3o atual dos neg\u00f3cios subiu 0,6 ponto, para 101,7 pontos. E o grau de satisfa\u00e7\u00e3o das empresas com o n\u00edvel de demanda avan\u00e7ou 0,4 ponto, para e 103,2 pontos.<\/p>\n<p>Nos indicadores de expectativa, a principal influ\u00eancia veio da tend\u00eancia dos neg\u00f3cios para os pr\u00f3ximos seis meses, com alta de 3,0 pontos em agosto, para 96,9 pontos. Apesar disso, o Ibre FVG aponta que o indicador continua em patamar baixo em n\u00edveis hist\u00f3ricos.<\/p>\n<p>J\u00e1 o indicador que mede o otimismo com a evolu\u00e7\u00e3o da produ\u00e7\u00e3o f\u00edsica nos tr\u00eas meses seguintes caiu 3,0 pontos, para 92,1 pontos. O resultado \u00e9 o mais baixo desde mar\u00e7o deste ano, quando o indicador chegou a 90,3 pontos.<\/p>\n<p>Por outro lado, a expectativa de emprego nos tr\u00eas meses seguintes teve alta pelo quinto m\u00eas consecutivo, de 0,7 ponto, para 104,6 pontos, alcan\u00e7ando o melhor resultado desde outubro de 2021, quando o indicador ficou em 108,1 pontos.<\/p>\n<p>O N\u00edvel de Utiliza\u00e7\u00e3o da Capacidade Instalada da Ind\u00fastria se manteve est\u00e1vel em agosto, com varia\u00e7\u00e3o de -0,1 ponto percentual, para 82,2%.<\/p>\n<p><span style=\"font-weight: 400;\">Fonte: Ag\u00eancia Brasil <\/span><\/p>\n","protected":false},"excerpt":{"rendered":"<p>O \u00cdndice de Confian\u00e7a da Ind\u00fastria (ICI) subiu 0,8 ponto em agosto\u00a0para 100,3 pontos. Em m\u00e9dias m\u00f3veis trimestrais, a eleva\u00e7\u00e3o foi de 0,2 ponto. Os dados foram divulgados\u00a0hoje\u00a0(29) pelo Instituto Brasileiro de Economia da Funda\u00e7\u00e3o Getulio Vargas (FGV Ibre). De acordo com o economista St\u00e9fano Pacini, do instituto, a alta indica o bom n\u00edvel de [&hellip;]<\/p>\n","protected":false},"author":246,"featured_media":203599,"comment_status":"closed","ping_status":"closed","sticky":false,"template":"","format":"standard","meta":{"footnotes":""},"categories":[436,261,439],"tags":[],"class_list":["post-203598","post","type-post","status-publish","format-standard","has-post-thumbnail","hentry","category-destaque-da-semana","category-economia","category-ultima-hora"],"_links":{"self":[{"href":"https:\/\/diarioregionaldigital.com.br\/index.php?rest_route=\/wp\/v2\/posts\/203598","targetHints":{"allow":["GET"]}}],"collection":[{"href":"https:\/\/diarioregionaldigital.com.br\/index.php?rest_route=\/wp\/v2\/posts"}],"about":[{"href":"https:\/\/diarioregionaldigital.com.br\/index.php?rest_route=\/wp\/v2\/types\/post"}],"author":[{"embeddable":true,"href":"https:\/\/diarioregionaldigital.com.br\/index.php?rest_route=\/wp\/v2\/users\/246"}],"replies":[{"embeddable":true,"href":"https:\/\/diarioregionaldigital.com.br\/index.php?rest_route=%2Fwp%2Fv2%2Fcomments&post=203598"}],"version-history":[{"count":1,"href":"https:\/\/diarioregionaldigital.com.br\/index.php?rest_route=\/wp\/v2\/posts\/203598\/revisions"}],"predecessor-version":[{"id":203600,"href":"https:\/\/diarioregionaldigital.com.br\/index.php?rest_route=\/wp\/v2\/posts\/203598\/revisions\/203600"}],"wp:featuredmedia":[{"embeddable":true,"href":"https:\/\/diarioregionaldigital.com.br\/index.php?rest_route=\/wp\/v2\/media\/203599"}],"wp:attachment":[{"href":"https:\/\/diarioregionaldigital.com.br\/index.php?rest_route=%2Fwp%2Fv2%2Fmedia&parent=203598"}],"wp:term":[{"taxonomy":"category","embeddable":true,"href":"https:\/\/diarioregionaldigital.com.br\/index.php?rest_route=%2Fwp%2Fv2%2Fcategories&post=203598"},{"taxonomy":"post_tag","embeddable":true,"href":"https:\/\/diarioregionaldigital.com.br\/index.php?rest_route=%2Fwp%2Fv2%2Ftags&post=203598"}],"curies":[{"name":"wp","href":"https:\/\/api.w.org\/{rel}","templated":true}]}}