{"id":203595,"date":"2022-08-29T15:19:43","date_gmt":"2022-08-29T18:19:43","guid":{"rendered":"https:\/\/diarioregionaldigital.com.br\/?p=203595"},"modified":"2022-08-29T15:19:43","modified_gmt":"2022-08-29T18:19:43","slug":"brasil-gerou-218-902-empregos-formais-em-julho","status":"publish","type":"post","link":"https:\/\/diarioregionaldigital.com.br\/?p=203595","title":{"rendered":"Brasil gerou 218.902 empregos formais em julho"},"content":{"rendered":"<p>O Brasil gerou 218.902 vagas de empregos com carteira assinada no m\u00eas de julho. No acumulado de 2022, foram gerados 1.560.896 empregos formais, conforme consta do Cadastro Geral de Empregados e Desempregados (Novo Caged) divulgado hoje (29) pelo Minist\u00e9rio do Trabalho e Previd\u00eancia.<img decoding=\"async\" src=\"https:\/\/agenciabrasil.ebc.com.br\/ebc.png?id=1479374&amp;o=node\" \/><img decoding=\"async\" src=\"https:\/\/agenciabrasil.ebc.com.br\/ebc.gif?id=1479374&amp;o=node\" \/><\/p>\n<p>Entre agosto de 2021 e\u00a0julho de 2022 (\u00faltimos 12 meses), o saldo positivo ficou em 2.549.939 vagas geradas. Com isso, o estoque total de trabalhadores com carteira assinada est\u00e1 em 42.239.251. Ainda segundo o Caged, de julho de 2020 a julho de 2022, o saldo positivo est\u00e1 em 5.542.283 novos postos de trabalho \u201cdecorrentes de 43.141.648 admiss\u00f5es e 37.599.365 desligamentos no per\u00edodo\u201d.<\/p>\n<p>Os cinco segmentos analisados registraram saldos positivos em julho. O maior crescimento foi o de servi\u00e7os, que apresentou saldo positivo de 81.873 postos de trabalho formais. O grupamento ind\u00fastria registrou 50.503 novos postos; e o com\u00e9rcio\u00a0gerou 38.574 vagas no m\u00eas.<\/p>\n<p>No acumulado do ano, a constru\u00e7\u00e3o civil foi o setor com melhor desempenho, ao registrar crescimento de 9,38% (ou 216.585 novos postos) no estoque de empregos formais. O de servi\u00e7os gerou 874.203 vagas (alta de 4,56%), seguido pela ind\u00fastria, com 266.824 novos empregos (3,37%).<\/p>\n<p>S\u00e3o Paulo foi o estado que registrou, no m\u00eas, maior n\u00famero de empregos formais gerados: 67.009, o que representa uma alta de 0,51%. Minas Gerais agregou 19.060 novos postos (0,43%); e Paran\u00e1 agregou mais 16.090 empregos formais (0,55%).<\/p>\n<p>\u201cDo ponto de vista regional o grande destaque foi a Regi\u00e3o Norte, com um crescimento de 0,8% da for\u00e7a de trabalho, o maior crescimento relativo entre as cinco regi\u00f5es brasileiras\u201d, destacou o minist\u00e9rio.<\/p>\n<p>Com rela\u00e7\u00e3o aos sal\u00e1rios, pelo segundo m\u00eas seguido observou-se aumento no sal\u00e1rio m\u00e9dio real de admiss\u00e3o. Na m\u00e9dia, o valor acertado ficou em R$ 1.926,54, o que representa uma alta de 0,80%. \u201cComparado ao m\u00eas anterior houve um acr\u00e9scimo real de R$ 15,31, sendo o maior crescimento verificado no setor do com\u00e9rcio, R$ 1.685,67, varia\u00e7\u00e3o de 1,95%\u201d, detalhou o levantamento.<\/p>\n<p><span style=\"font-weight: 400;\">Fonte: Ag\u00eancia Brasil <\/span><\/p>\n","protected":false},"excerpt":{"rendered":"<p>O Brasil gerou 218.902 vagas de empregos com carteira assinada no m\u00eas de julho. No acumulado de 2022, foram gerados 1.560.896 empregos formais, conforme consta do Cadastro Geral de Empregados e Desempregados (Novo Caged) divulgado hoje (29) pelo Minist\u00e9rio do Trabalho e Previd\u00eancia. Entre agosto de 2021 e\u00a0julho de 2022 (\u00faltimos 12 meses), o saldo [&hellip;]<\/p>\n","protected":false},"author":246,"featured_media":203596,"comment_status":"closed","ping_status":"closed","sticky":false,"template":"","format":"standard","meta":{"footnotes":""},"categories":[436,261,439],"tags":[],"class_list":["post-203595","post","type-post","status-publish","format-standard","has-post-thumbnail","hentry","category-destaque-da-semana","category-economia","category-ultima-hora"],"_links":{"self":[{"href":"https:\/\/diarioregionaldigital.com.br\/index.php?rest_route=\/wp\/v2\/posts\/203595","targetHints":{"allow":["GET"]}}],"collection":[{"href":"https:\/\/diarioregionaldigital.com.br\/index.php?rest_route=\/wp\/v2\/posts"}],"about":[{"href":"https:\/\/diarioregionaldigital.com.br\/index.php?rest_route=\/wp\/v2\/types\/post"}],"author":[{"embeddable":true,"href":"https:\/\/diarioregionaldigital.com.br\/index.php?rest_route=\/wp\/v2\/users\/246"}],"replies":[{"embeddable":true,"href":"https:\/\/diarioregionaldigital.com.br\/index.php?rest_route=%2Fwp%2Fv2%2Fcomments&post=203595"}],"version-history":[{"count":1,"href":"https:\/\/diarioregionaldigital.com.br\/index.php?rest_route=\/wp\/v2\/posts\/203595\/revisions"}],"predecessor-version":[{"id":203597,"href":"https:\/\/diarioregionaldigital.com.br\/index.php?rest_route=\/wp\/v2\/posts\/203595\/revisions\/203597"}],"wp:featuredmedia":[{"embeddable":true,"href":"https:\/\/diarioregionaldigital.com.br\/index.php?rest_route=\/wp\/v2\/media\/203596"}],"wp:attachment":[{"href":"https:\/\/diarioregionaldigital.com.br\/index.php?rest_route=%2Fwp%2Fv2%2Fmedia&parent=203595"}],"wp:term":[{"taxonomy":"category","embeddable":true,"href":"https:\/\/diarioregionaldigital.com.br\/index.php?rest_route=%2Fwp%2Fv2%2Fcategories&post=203595"},{"taxonomy":"post_tag","embeddable":true,"href":"https:\/\/diarioregionaldigital.com.br\/index.php?rest_route=%2Fwp%2Fv2%2Ftags&post=203595"}],"curies":[{"name":"wp","href":"https:\/\/api.w.org\/{rel}","templated":true}]}}