{"id":203592,"date":"2022-08-29T15:17:50","date_gmt":"2022-08-29T18:17:50","guid":{"rendered":"https:\/\/diarioregionaldigital.com.br\/?p=203592"},"modified":"2022-08-29T15:17:50","modified_gmt":"2022-08-29T18:17:50","slug":"juros-para-familias-e-empresas-sobem-em-junho-diz-banco-central","status":"publish","type":"post","link":"https:\/\/diarioregionaldigital.com.br\/?p=203592","title":{"rendered":"Juros para fam\u00edlias e empresas sobem em junho, diz Banco Central"},"content":{"rendered":"<p>As fam\u00edlias e as empresas pagaram taxas de juros mais altas em junho deste ano, segundo as Estat\u00edsticas Monet\u00e1rias e de Cr\u00e9dito divulgadas hoje (29) pelo Banco Central (BC). A taxa m\u00e9dia de juros para pessoas f\u00edsicas no cr\u00e9dito livre chegou a 51,5% ao ano, com aumento de 1,1 ponto percentual em rela\u00e7\u00e3o a maio e de 11,7 pontos percentuais em 12 meses.<img decoding=\"async\" src=\"https:\/\/agenciabrasil.ebc.com.br\/ebc.png?id=1479428&amp;o=node\" \/><img decoding=\"async\" src=\"https:\/\/agenciabrasil.ebc.com.br\/ebc.gif?id=1479428&amp;o=node\" \/><\/p>\n<p>Nas contrata\u00e7\u00f5es com empresas, a taxa livre cresceu 0,7 ponto percentual no m\u00eas e 8,1 pontos percentuais em 12 meses, alcan\u00e7ando 22,6% ao ano.<\/p>\n<p>Para pessoas f\u00edsicas, o destaque foi o cart\u00e3o, com alta de 2,1 pontos percentuais no m\u00eas, alcan\u00e7ando 78,7% ao ano. No cr\u00e9dito rotativo, que \u00e9 aquele tomado pelo consumidor quando paga menos que o valor integral da fatura do cart\u00e3o e dura 30 dias, houve aumento de 1,6 ponto percentual no m\u00eas, para 370,4% ao ano. Ap\u00f3s os 30 dias, as institui\u00e7\u00f5es financeiras parcelam a d\u00edvida. No caso do cart\u00e3o parcelado, os juros subiram 0,5 ponto percentual, para 173,2% ao ano.<\/p>\n<p>Tamb\u00e9m influenciaram o aumento dos juros para as fam\u00edlias as taxas do cheque especial, com alta de 1,3 ponto percentual (129,2% ao ano). e o cr\u00e9dito pessoal n\u00e3o consignado, que subiu 1,2 ponto percentual (87,5% ao ano). Os juros do cheque especial subiram 1,3 ponto percentual no m\u00eas para 129,2% ao ano.<\/p>\n<p>No cr\u00e9dito livre \u00e0s empresas, houve incrementos na maioria das modalidades, especialmente em capital de giro, alta de 1,3 ponto percentual, para 23,3% ao ano; cheque especial, aumento de 2 pontos percentuais, chegando a 316,9% ao ano; e desconto de cheques, que subiu 1,5 ponto percentual, alcan\u00e7ando 36,8% ao ano. J\u00e1 o financiamento a importa\u00e7\u00f5es caiu 3,7 pontos percentuais, para 8,8% ao ano, assim como o cart\u00e3o de cr\u00e9dito, que teve recuo de 1,9 ponto percentual nos juros, para 29,9% ao ano.<\/p>\n<h2>Cr\u00e9dito direcionado<\/h2>\n<p>Essas taxas s\u00e3o do cr\u00e9dito livre, em que os bancos t\u00eam autonomia para emprestar o dinheiro captado no mercado e definir as taxas de juros cobradas dos clientes. J\u00e1 o cr\u00e9dito direcionado, que tem regras definidas pelo governo, \u00e9 destinado basicamente aos setores habitacional, rural, de infraestrutura e ao microcr\u00e9dito.<\/p>\n<p>No caso do cr\u00e9dito direcionado, a taxa m\u00e9dia para pessoas f\u00edsicas ficou em 10,4% ao ano em junho, alta de 0,1 ponto percentual no m\u00eas. Para as empresas, a taxa caiu 0,7 ponto percentual para 11,5% ao ano no m\u00eas passado.<\/p>\n<p>No total, nas contrata\u00e7\u00f5es de cr\u00e9dito livre e direcionado, a taxa m\u00e9dia de juros do Sistema Financeiro Nacional (SFN) aumentou 0,5 ponto percentual no m\u00eas e 8,1 pontos percentuais em 12 meses, alcan\u00e7ando 28,1% ao ano.<\/p>\n<p>A alta dos juros banc\u00e1rios m\u00e9dios ocorre em um momento de aumento da taxa b\u00e1sica de juros da economia, a Selic, definida em 13,75% ao ano pelo Comit\u00ea de Pol\u00edtica Monet\u00e1ria (Copom). A taxa est\u00e1 no maior n\u00edvel desde janeiro de 2017, quando tamb\u00e9m estava em 13,75% ao ano.<\/p>\n<h2>Endividamento recorde<\/h2>\n<p>De acordo com o BC, a inadimpl\u00eancia (considerados atrasos acima de 90 dias) tem mantido-se est\u00e1vel h\u00e1 bastante tempo, com pequenas oscila\u00e7\u00f5es, e est\u00e1 em 2,7%. Nas opera\u00e7\u00f5es de cr\u00e9dito para pessoas f\u00edsicas, est\u00e1 em 3,5% e para pessoas jur\u00eddicas em 1,4%.<\/p>\n<p>O endividamento das fam\u00edlias, rela\u00e7\u00e3o entre o saldo das d\u00edvidas e a renda acumulada em 12 meses, chegou ao recorde de 52,8% em maio, na s\u00e9rie hist\u00f3rica iniciada em janeiro de 2005, refletindo o aumento das concess\u00f5es de empr\u00e9stimos. Com a exclus\u00e3o do financiamento imobili\u00e1rio, que pega um montante consider\u00e1vel da renda, ficou em 33,5% no m\u00eas.<\/p>\n<p>J\u00e1 o comprometimento da renda, rela\u00e7\u00e3o entre o valor m\u00e9dio para pagamento das d\u00edvidas e a renda m\u00e9dia apurada no per\u00edodo, ficou em 27,6% naquele m\u00eas. Para esses \u00faltimos dados, h\u00e1 uma defasagem maior do m\u00eas de divulga\u00e7\u00e3o, pois o Banco Central depende de dados apresentados pelo Instituto Brasileiro de Geografia e Estat\u00edstica (IBGE) sobre a renda das fam\u00edlias.<\/p>\n<h2>Saldo das contrata\u00e7\u00f5es<\/h2>\n<p>Em junho, o estoque de todos os empr\u00e9stimos concedidos pelos bancos do Sistema Financeiro Nacional ficou em R$ 4,956 trilh\u00f5es, com aumento de 1,6% em rela\u00e7\u00e3o a maio. O crescimento em 12 meses da carteira chegou a 17,8% em junho. O saldo do cr\u00e9dito correspondeu a 53,9% do Produto Interno Bruto (PIB), que \u00e9 a soma de todos os bens e servi\u00e7os que o pa\u00eds produz.<\/p>\n<p>O cr\u00e9dito ampliado ao setor n\u00e3o financeiro, que \u00e9 o cr\u00e9dito dispon\u00edvel para empresas, fam\u00edlias e governos independentemente da fonte (banc\u00e1rio, mercado de t\u00edtulo ou d\u00edvida externa) alcan\u00e7ou R$ 14,139 trilh\u00f5es, crescendo 3% no m\u00eas e 12,7% em 12 meses.<\/p>\n<p>O aumento foi devido sobretudo \u00e0 d\u00edvida externa, que se elevou em 6,8%, afetada pela deprecia\u00e7\u00e3o cambial de 10,8%. Na compara\u00e7\u00e3o trimestral, o cr\u00e9dito ampliado cresceu 5,4%, prevalecendo as eleva\u00e7\u00f5es na carteira de empr\u00e9stimos do Sistema Financeiro Nacional, 3,7%, e nos t\u00edtulos p\u00fablicos de d\u00edvida, 5,3%.<\/p>\n<p><span style=\"font-weight: 400;\">Fonte: Ag\u00eancia Brasil <\/span><\/p>\n","protected":false},"excerpt":{"rendered":"<p>As fam\u00edlias e as empresas pagaram taxas de juros mais altas em junho deste ano, segundo as Estat\u00edsticas Monet\u00e1rias e de Cr\u00e9dito divulgadas hoje (29) pelo Banco Central (BC). A taxa m\u00e9dia de juros para pessoas f\u00edsicas no cr\u00e9dito livre chegou a 51,5% ao ano, com aumento de 1,1 ponto percentual em rela\u00e7\u00e3o a maio [&hellip;]<\/p>\n","protected":false},"author":246,"featured_media":203593,"comment_status":"closed","ping_status":"closed","sticky":false,"template":"","format":"standard","meta":{"footnotes":""},"categories":[436,440,261,439],"tags":[],"class_list":["post-203592","post","type-post","status-publish","format-standard","has-post-thumbnail","hentry","category-destaque-da-semana","category-destaques-do-dia","category-economia","category-ultima-hora"],"_links":{"self":[{"href":"https:\/\/diarioregionaldigital.com.br\/index.php?rest_route=\/wp\/v2\/posts\/203592","targetHints":{"allow":["GET"]}}],"collection":[{"href":"https:\/\/diarioregionaldigital.com.br\/index.php?rest_route=\/wp\/v2\/posts"}],"about":[{"href":"https:\/\/diarioregionaldigital.com.br\/index.php?rest_route=\/wp\/v2\/types\/post"}],"author":[{"embeddable":true,"href":"https:\/\/diarioregionaldigital.com.br\/index.php?rest_route=\/wp\/v2\/users\/246"}],"replies":[{"embeddable":true,"href":"https:\/\/diarioregionaldigital.com.br\/index.php?rest_route=%2Fwp%2Fv2%2Fcomments&post=203592"}],"version-history":[{"count":1,"href":"https:\/\/diarioregionaldigital.com.br\/index.php?rest_route=\/wp\/v2\/posts\/203592\/revisions"}],"predecessor-version":[{"id":203594,"href":"https:\/\/diarioregionaldigital.com.br\/index.php?rest_route=\/wp\/v2\/posts\/203592\/revisions\/203594"}],"wp:featuredmedia":[{"embeddable":true,"href":"https:\/\/diarioregionaldigital.com.br\/index.php?rest_route=\/wp\/v2\/media\/203593"}],"wp:attachment":[{"href":"https:\/\/diarioregionaldigital.com.br\/index.php?rest_route=%2Fwp%2Fv2%2Fmedia&parent=203592"}],"wp:term":[{"taxonomy":"category","embeddable":true,"href":"https:\/\/diarioregionaldigital.com.br\/index.php?rest_route=%2Fwp%2Fv2%2Fcategories&post=203592"},{"taxonomy":"post_tag","embeddable":true,"href":"https:\/\/diarioregionaldigital.com.br\/index.php?rest_route=%2Fwp%2Fv2%2Ftags&post=203592"}],"curies":[{"name":"wp","href":"https:\/\/api.w.org\/{rel}","templated":true}]}}