{"id":203589,"date":"2022-08-28T06:00:02","date_gmt":"2022-08-28T09:00:02","guid":{"rendered":"https:\/\/diarioregionaldigital.com.br\/?p=203589"},"modified":"2022-08-27T00:37:58","modified_gmt":"2022-08-27T03:37:58","slug":"agro-e-educacao-a-riqueza-do-brasil","status":"publish","type":"post","link":"https:\/\/diarioregionaldigital.com.br\/?p=203589","title":{"rendered":"Agro e educa\u00e7\u00e3o \u2013 A riqueza do Brasil"},"content":{"rendered":"<p>A educa\u00e7\u00e3o continua sendo o meio pelo qual a sociedade transmite seus princ\u00edpios e valores. N\u00e3o existe, no entanto, um significado exclusivo para o que \u00e9 a educa\u00e7\u00e3o. Seus princ\u00edpios variam conforme a \u00e9poca, o lugar, as circunst\u00e2ncias, a concep\u00e7\u00e3o ideol\u00f3gica e pol\u00edtica de um dado momento.<\/p>\n<p>Arist\u00f3teles (384-322 a.C.), h\u00e1 2.500 anos, em sua obra \u201c<em>Pol\u00edtica<\/em>\u201d, j\u00e1 se preocupava com o problema da educa\u00e7\u00e3o, admitindo que a sua pr\u00e1tica, em vigor naquela \u00e9poca, era de perplexidade. Ningu\u00e9m sabia sobre qual princ\u00edpio deveria proceder: sobre a utilidade da vida? Sobre as virtudes? Ou seria sobre um conhecimento mais elevado? Considerava Arist\u00f3teles que, sobre esses tr\u00eas significados, n\u00e3o havia consenso, uma vez que as ideias divergiam sobre a natureza da virtude e, com isso, sobre a sua pr\u00e1tica.<\/p>\n<p>N\u00e3o \u00e9 de estranhar que id\u00eantica perplexidade \u00e0 percebida por Arist\u00f3teles preocupe aqueles que, ainda hoje, se dedicam \u00e0 educa\u00e7\u00e3o. Em tempos de incertezas e d\u00favidas, de qualquer \u00e2ngulo que se considere o problema, a pergunta emergente ser\u00e1 un\u00edvoca: \u201ccomo educar para novos tempos\u201d.<\/p>\n<p>A trag\u00e9dia sanit\u00e1ria que se abateu sobre o planeta, com o alastramento da Covid-19, impactou a forma como vivemos, acelerando mudan\u00e7as que j\u00e1 estavam em curso, antes da pandemia. A grande tend\u00eancia da educa\u00e7\u00e3o \u00e9 a inova\u00e7\u00e3o, com metodologias ativas.<\/p>\n<p>O futuro das na\u00e7\u00f5es depende, atualmente, de duas transi\u00e7\u00f5es: a digital e a economia de baixo carbono. O desenvolvimento econ\u00f4mico das na\u00e7\u00f5es estar\u00e1 vinculado \u00e0 capacidade de se posicionarem diante deste novo conceito. Nesse sentido, o Brasil tem uma oportunidade inigual\u00e1vel de se consolidar como uma pot\u00eancia agroambiental.<\/p>\n<p>Da mesma forma que as mudan\u00e7as clim\u00e1ticas afetam neg\u00f3cios de forma negativa, elas tamb\u00e9m podem ser oportunidades de crescimento. H\u00e1 in\u00fameras oportunidades para neg\u00f3cios, fora e dentro do agro, que atendem as demandas e necessidades da sociedade.<\/p>\n<p>A contribui\u00e7\u00e3o do agroneg\u00f3cio na economia brasileira \u00e9 fundamental. Ele \u00e9 respons\u00e1vel por quase 27% do PIB nacional, 48% das exporta\u00e7\u00f5es e 22% dos empregos gerados no pa\u00eds. Desponta, mundialmente, pelo potente desenvolvimento de modelos de agricultura digital, destacando-se como o quarto maior produtor agr\u00edcola, de forma geral, tendo a lideran\u00e7a na produ\u00e7\u00e3o e exporta\u00e7\u00e3o de ativos como suco de laranja, a\u00e7\u00facar, caf\u00e9, carne e soja.<\/p>\n<p>Ao observarmos a realidade do agroneg\u00f3cio brasileiro, por\u00e9m, nos deparamos com um cen\u00e1rio desafiador, principalmente no que se refere a tecnologia e inova\u00e7\u00e3o. Apenas 2% das propriedades respondem por 71% do valor bruto da produ\u00e7\u00e3o do agroneg\u00f3cio nacional.<\/p>\n<p>A expans\u00e3o do ensino agr\u00edcola, ajudando a levar tecnologia e assist\u00eancia t\u00e9cnica ao pequeno produtor \u00e9 fundamental para o aumento da produtividade em pa\u00edses como o Brasil, que possuem uma matriz energ\u00e9tica mais limpa que a m\u00e9dia mundial. Cabe \u00e0 nossa sociedade fazer parte desta mudan\u00e7a, aproveitando todas as oportunidades deste novo cen\u00e1rio agroambiental.<\/p>\n","protected":false},"excerpt":{"rendered":"<p>A educa\u00e7\u00e3o continua sendo o meio pelo qual a sociedade transmite seus princ\u00edpios e valores. N\u00e3o existe, no entanto, um significado exclusivo para o que \u00e9 a educa\u00e7\u00e3o. Seus princ\u00edpios variam conforme a \u00e9poca, o lugar, as circunst\u00e2ncias, a concep\u00e7\u00e3o ideol\u00f3gica e pol\u00edtica de um dado momento. Arist\u00f3teles (384-322 a.C.), h\u00e1 2.500 anos, em sua [&hellip;]<\/p>\n","protected":false},"author":96,"featured_media":0,"comment_status":"closed","ping_status":"closed","sticky":false,"template":"","format":"standard","meta":{"footnotes":""},"categories":[275],"tags":[],"class_list":["post-203589","post","type-post","status-publish","format-standard","hentry","category-arnaldo-niskier"],"_links":{"self":[{"href":"https:\/\/diarioregionaldigital.com.br\/index.php?rest_route=\/wp\/v2\/posts\/203589","targetHints":{"allow":["GET"]}}],"collection":[{"href":"https:\/\/diarioregionaldigital.com.br\/index.php?rest_route=\/wp\/v2\/posts"}],"about":[{"href":"https:\/\/diarioregionaldigital.com.br\/index.php?rest_route=\/wp\/v2\/types\/post"}],"author":[{"embeddable":true,"href":"https:\/\/diarioregionaldigital.com.br\/index.php?rest_route=\/wp\/v2\/users\/96"}],"replies":[{"embeddable":true,"href":"https:\/\/diarioregionaldigital.com.br\/index.php?rest_route=%2Fwp%2Fv2%2Fcomments&post=203589"}],"version-history":[{"count":1,"href":"https:\/\/diarioregionaldigital.com.br\/index.php?rest_route=\/wp\/v2\/posts\/203589\/revisions"}],"predecessor-version":[{"id":203590,"href":"https:\/\/diarioregionaldigital.com.br\/index.php?rest_route=\/wp\/v2\/posts\/203589\/revisions\/203590"}],"wp:attachment":[{"href":"https:\/\/diarioregionaldigital.com.br\/index.php?rest_route=%2Fwp%2Fv2%2Fmedia&parent=203589"}],"wp:term":[{"taxonomy":"category","embeddable":true,"href":"https:\/\/diarioregionaldigital.com.br\/index.php?rest_route=%2Fwp%2Fv2%2Fcategories&post=203589"},{"taxonomy":"post_tag","embeddable":true,"href":"https:\/\/diarioregionaldigital.com.br\/index.php?rest_route=%2Fwp%2Fv2%2Ftags&post=203589"}],"curies":[{"name":"wp","href":"https:\/\/api.w.org\/{rel}","templated":true}]}}