{"id":203582,"date":"2022-08-26T19:08:03","date_gmt":"2022-08-26T22:08:03","guid":{"rendered":"https:\/\/diarioregionaldigital.com.br\/?p=203582"},"modified":"2022-08-26T19:08:03","modified_gmt":"2022-08-26T22:08:03","slug":"pjf-atende-26-vias-com-operacao-tapa-buracos-em-quatro-dias","status":"publish","type":"post","link":"https:\/\/diarioregionaldigital.com.br\/?p=203582","title":{"rendered":"PJF atende 26 vias com opera\u00e7\u00e3o tapa-buracos em quatro dias"},"content":{"rendered":"<p>Segundo informa\u00e7\u00f5es do site da Prefeitura de Juiz de Fora (PJF), a\u00a0opera\u00e7\u00e3o tapa-buracos segue a todo vapor por Juiz de Fora. Entre segunda-feira, 22, e quinta-feira, 25, as equipes da Prefeitura de Juiz de Fora (PJF) estiveram em 26 vias, proporcionando mais mobilidade e conforto para quem passa pelos locais atendidos.<\/p>\n<p>&nbsp;<\/p>\n<p>Nesses quatro dias, 12 bairros foram atendidos, com um total de 904 recomposi\u00e7\u00f5es realizadas e 405,78 toneladas de CBUQ (massa asf\u00e1ltica) utilizadas.<\/p>\n<p>&nbsp;<\/p>\n<p>Destaque para a Rua Jos\u00e9 Sobreira, no Linhares, onde os servi\u00e7os de tapa-buraco seguem em andamento. Por l\u00e1, al\u00e9m das recomposi\u00e7\u00f5es, outro servi\u00e7o de grande porte foi finalizado nesta semana: a substitui\u00e7\u00e3o da base do asfalto e a altera\u00e7\u00e3o do nivelamento da rua. Agora, al\u00e9m de transitar com mais conforto pela via, os moradores podem ficar tranquilos durante o per\u00edodo chuvoso.<\/p>\n<p>&nbsp;<\/p>\n<p><strong>Veja abaixo a lista completa de bairros atendidos:<\/strong><\/p>\n<p>&nbsp;<\/p>\n<p>Nossa Senhora Aparecida<\/p>\n<p>Bom Clima<\/p>\n<p>Nova Era<\/p>\n<p>Vila Ideal<\/p>\n<p>JK<\/p>\n<p>Aeroporto<\/p>\n<p>S\u00e3o Pedro<\/p>\n<p>Linhares<\/p>\n<p>Parque Independ\u00eancia<\/p>\n<p>Centro<\/p>\n<p>Santo Ant\u00f4nio<\/p>\n<p>Distrito Industrial<\/p>\n<p>&nbsp;<\/p>\n<p>Os trabalhos seguem em andamento em v\u00e1rios pontos da cidade e a programa\u00e7\u00e3o completa das atividades realizadas pela Empav pode ser acompanhada diariamente atrav\u00e9s da p\u00e1gina do Gabinete de A\u00e7\u00e3o e Di\u00e1logo Comunit\u00e1rio, pelo<a href=\"https:\/\/www.pjf.mg.gov.br\/gabinetecomunitario\/#onde\">\u00a0link<\/a>.<\/p>\n<p>&nbsp;<\/p>\n<p>Todas as a\u00e7\u00f5es de reestrutura\u00e7\u00e3o, urbaniza\u00e7\u00e3o e zeladoria realizadas pela Empresa Municipal de Pavimenta\u00e7\u00e3o e Urbanidades (Empav) fazem parte do Programa Boniteza. Estes e outros servi\u00e7os podem ser solicitados atrav\u00e9s do Gabinete de A\u00e7\u00e3o e Di\u00e1logo Comunit\u00e1rio, que recebe e organiza pedidos relativos a interven\u00e7\u00f5es e melhorias urbanas. O contato pode ser feito por liga\u00e7\u00e3o telef\u00f4nica, pelo n\u00famero (32) 3690-7241 ou, ainda, via WhatsApp, utilizando o mesmo n\u00famero.<\/p>\n","protected":false},"excerpt":{"rendered":"<p>Segundo informa\u00e7\u00f5es do site da Prefeitura de Juiz de Fora (PJF), a\u00a0opera\u00e7\u00e3o tapa-buracos segue a todo vapor por Juiz de Fora. Entre segunda-feira, 22, e quinta-feira, 25, as equipes da Prefeitura de Juiz de Fora (PJF) estiveram em 26 vias, proporcionando mais mobilidade e conforto para quem passa pelos locais atendidos. &nbsp; Nesses quatro dias, [&hellip;]<\/p>\n","protected":false},"author":246,"featured_media":203583,"comment_status":"closed","ping_status":"closed","sticky":false,"template":"","format":"standard","meta":{"footnotes":""},"categories":[253,436,439],"tags":[],"class_list":["post-203582","post","type-post","status-publish","format-standard","has-post-thumbnail","hentry","category-cidade","category-destaque-da-semana","category-ultima-hora"],"_links":{"self":[{"href":"https:\/\/diarioregionaldigital.com.br\/index.php?rest_route=\/wp\/v2\/posts\/203582","targetHints":{"allow":["GET"]}}],"collection":[{"href":"https:\/\/diarioregionaldigital.com.br\/index.php?rest_route=\/wp\/v2\/posts"}],"about":[{"href":"https:\/\/diarioregionaldigital.com.br\/index.php?rest_route=\/wp\/v2\/types\/post"}],"author":[{"embeddable":true,"href":"https:\/\/diarioregionaldigital.com.br\/index.php?rest_route=\/wp\/v2\/users\/246"}],"replies":[{"embeddable":true,"href":"https:\/\/diarioregionaldigital.com.br\/index.php?rest_route=%2Fwp%2Fv2%2Fcomments&post=203582"}],"version-history":[{"count":1,"href":"https:\/\/diarioregionaldigital.com.br\/index.php?rest_route=\/wp\/v2\/posts\/203582\/revisions"}],"predecessor-version":[{"id":203584,"href":"https:\/\/diarioregionaldigital.com.br\/index.php?rest_route=\/wp\/v2\/posts\/203582\/revisions\/203584"}],"wp:featuredmedia":[{"embeddable":true,"href":"https:\/\/diarioregionaldigital.com.br\/index.php?rest_route=\/wp\/v2\/media\/203583"}],"wp:attachment":[{"href":"https:\/\/diarioregionaldigital.com.br\/index.php?rest_route=%2Fwp%2Fv2%2Fmedia&parent=203582"}],"wp:term":[{"taxonomy":"category","embeddable":true,"href":"https:\/\/diarioregionaldigital.com.br\/index.php?rest_route=%2Fwp%2Fv2%2Fcategories&post=203582"},{"taxonomy":"post_tag","embeddable":true,"href":"https:\/\/diarioregionaldigital.com.br\/index.php?rest_route=%2Fwp%2Fv2%2Ftags&post=203582"}],"curies":[{"name":"wp","href":"https:\/\/api.w.org\/{rel}","templated":true}]}}