{"id":203579,"date":"2022-08-26T19:06:10","date_gmt":"2022-08-26T22:06:10","guid":{"rendered":"https:\/\/diarioregionaldigital.com.br\/?p=203579"},"modified":"2022-08-26T19:06:10","modified_gmt":"2022-08-26T22:06:10","slug":"pjf-realiza-seminario-de-atualizacao-protocolar-na-saude","status":"publish","type":"post","link":"https:\/\/diarioregionaldigital.com.br\/?p=203579","title":{"rendered":"PJF realiza semin\u00e1rio de atualiza\u00e7\u00e3o protocolar na sa\u00fade"},"content":{"rendered":"<p>Segundo informa\u00e7\u00f5es do site da Prefeitura de Juiz de Fora (PJF), nesta quarta feira, 24, a Secretaria de Sa\u00fade (SS), da Prefeitura de Juiz de Fora (PJF), promoveu um semin\u00e1rio interno, com o intuito valorizar e disseminar o conhecimento e as experi\u00eancias dos colaboradores e, ao mesmo tempo, levar a educa\u00e7\u00e3o continuada, atualiza\u00e7\u00e3o dos servidores, proporcionando a escuta e a troca de experi\u00eancias. A atualiza\u00e7\u00e3o do protocolo acontece anualmente, com o objetivo de padronizar a rotina de trabalho, visando aprimorar o atendimento e aumentar a satisfa\u00e7\u00e3o dos usu\u00e1rios.<\/p>\n<p>Segundo a supervisora de Servi\u00e7o de Pr\u00e1ticas Integrativas e Complementares (SPIC), Karla Monteiro, &#8220;as a\u00e7\u00f5es de sa\u00fade muitas vezes acontecem com o emprego de protocolos. Assim, o Servi\u00e7o de Pr\u00e1ticas Integrativas e Complementares prop\u00f5e um tipo de cuidado integral, valorizando o ser em sua rela\u00e7\u00e3o harm\u00f4nica e universal, em prol do cuidado dos usu\u00e1rios, promovendo o bem-estar, a redu\u00e7\u00e3o dos agravos, a sa\u00fade e a cura.&#8221;<\/p>\n<p>O encontro contou com a presen\u00e7a do secret\u00e1rio de sa\u00fade, Ivan Chebli, da subsecret\u00e1ria de aten\u00e7\u00e3o em sa\u00fade, Rita de C\u00e1ssia Guimar\u00e3es, do gerente do departamento de cl\u00ednicas especializadas, Luiz Fernando Zanette, dos residentes da Secretaria de Sa\u00fade, e dos servidores do SPIC.<\/p>\n<p>No local, duas palestras foram ministradas. O Dr. Luciano de Mello Fonseca realizou uma apresenta\u00e7\u00e3o sobre Terapia Neural e o\u00a0professor adjunto do Departamento da Faculdade de Medicina da UFJF, Dr. M\u00e1rio Nogueira, discorreu sobre o projeto de est\u00e1gio dos acad\u00eamicos de medicina da UFJF, conv\u00eanio entre a Faculdade de Medicina e a PJF, realizado no Servi\u00e7o de Pr\u00e1ticas Integrativas e Complementares.<\/p>\n","protected":false},"excerpt":{"rendered":"<p>Segundo informa\u00e7\u00f5es do site da Prefeitura de Juiz de Fora (PJF), nesta quarta feira, 24, a Secretaria de Sa\u00fade (SS), da Prefeitura de Juiz de Fora (PJF), promoveu um semin\u00e1rio interno, com o intuito valorizar e disseminar o conhecimento e as experi\u00eancias dos colaboradores e, ao mesmo tempo, levar a educa\u00e7\u00e3o continuada, atualiza\u00e7\u00e3o dos servidores, [&hellip;]<\/p>\n","protected":false},"author":246,"featured_media":203580,"comment_status":"closed","ping_status":"closed","sticky":false,"template":"","format":"standard","meta":{"footnotes":""},"categories":[253,436,439],"tags":[],"class_list":["post-203579","post","type-post","status-publish","format-standard","has-post-thumbnail","hentry","category-cidade","category-destaque-da-semana","category-ultima-hora"],"_links":{"self":[{"href":"https:\/\/diarioregionaldigital.com.br\/index.php?rest_route=\/wp\/v2\/posts\/203579","targetHints":{"allow":["GET"]}}],"collection":[{"href":"https:\/\/diarioregionaldigital.com.br\/index.php?rest_route=\/wp\/v2\/posts"}],"about":[{"href":"https:\/\/diarioregionaldigital.com.br\/index.php?rest_route=\/wp\/v2\/types\/post"}],"author":[{"embeddable":true,"href":"https:\/\/diarioregionaldigital.com.br\/index.php?rest_route=\/wp\/v2\/users\/246"}],"replies":[{"embeddable":true,"href":"https:\/\/diarioregionaldigital.com.br\/index.php?rest_route=%2Fwp%2Fv2%2Fcomments&post=203579"}],"version-history":[{"count":1,"href":"https:\/\/diarioregionaldigital.com.br\/index.php?rest_route=\/wp\/v2\/posts\/203579\/revisions"}],"predecessor-version":[{"id":203581,"href":"https:\/\/diarioregionaldigital.com.br\/index.php?rest_route=\/wp\/v2\/posts\/203579\/revisions\/203581"}],"wp:featuredmedia":[{"embeddable":true,"href":"https:\/\/diarioregionaldigital.com.br\/index.php?rest_route=\/wp\/v2\/media\/203580"}],"wp:attachment":[{"href":"https:\/\/diarioregionaldigital.com.br\/index.php?rest_route=%2Fwp%2Fv2%2Fmedia&parent=203579"}],"wp:term":[{"taxonomy":"category","embeddable":true,"href":"https:\/\/diarioregionaldigital.com.br\/index.php?rest_route=%2Fwp%2Fv2%2Fcategories&post=203579"},{"taxonomy":"post_tag","embeddable":true,"href":"https:\/\/diarioregionaldigital.com.br\/index.php?rest_route=%2Fwp%2Fv2%2Ftags&post=203579"}],"curies":[{"name":"wp","href":"https:\/\/api.w.org\/{rel}","templated":true}]}}