{"id":203576,"date":"2022-08-26T19:04:44","date_gmt":"2022-08-26T22:04:44","guid":{"rendered":"https:\/\/diarioregionaldigital.com.br\/?p=203576"},"modified":"2022-08-26T19:04:44","modified_gmt":"2022-08-26T22:04:44","slug":"pjf-disponibiliza-onibus-extra-para-concurso-da-ufjf-neste-domingo-28","status":"publish","type":"post","link":"https:\/\/diarioregionaldigital.com.br\/?p=203576","title":{"rendered":"PJF disponibiliza \u00f4nibus extra para concurso da UFJF neste domingo, 28"},"content":{"rendered":"<p>Segundo informa\u00e7\u00f5es do site da Prefeitura de Juiz de Fora (PJF), os candidatos que prestam o concurso promovido pela Universidade Federal de Juiz de Fora (UFJF) neste domingo, 28, v\u00e3o contar com hor\u00e1rios extras de \u00f4nibus para o campus sede. As linhas 525 e 535, ambas UFJF, v\u00e3o circular com dois ve\u00edculos cada, com sa\u00eddas do Centro a partir de 05h45.<\/p>\n<div id=\"box_texto_noticia\">\n<p>&nbsp;<\/p>\n<p>Confira abaixo o itiner\u00e1rio das duas linhas e em anexo os hor\u00e1rios que ser\u00e3o oferecidos no domingo:<br \/>\n<strong>Linha 525:<\/strong><\/p>\n<p>Itiner\u00e1rio de ida: Anel Vi\u00e1rio &#8211; Ponto Final (Centro Ol\u00edmpico), Rua Local da UFJF Anel Vi\u00e1rio, Rua Local da UFJF P\u00f3rtico Norte, Rua Jos\u00e9 Louren\u00e7o Kelmer, Rua Engenheiro Gentil Forn, Rua Jo\u00e3o Pinheiro, Rua Paula Lima, Avenida dos Andradas, Av. Rio Branco, Rua Afonso Pinto da Mota, Av. Get\u00falio Vargas n\u00b0 251 Ponto Final.<\/p>\n<p>Itiner\u00e1rio de volta: Av. Get\u00falio Vargas n\u00b0251, Avenida Presidente Itamar Franco, Rua Local da UFJF P\u00f3rtico Sul, Rua Local da UFJF Faculdade de Sa\u00fade, Rua Local da UFJF Anel Vi\u00e1rio, Rua Local da UFJF Rotat\u00f3ria (Critt), Rua Local da UFJF Anel Vi\u00e1rio &#8211; Ponto Final (Centro Ol\u00edmpico).<\/p>\n<p><strong>Linha 535:<\/strong><\/p>\n<p>Itiner\u00e1rio de ida: Rua Local da UFJF Faculdade de Engenharia &#8211; Ponto Final, Rua Local da UFJF Anel Vi\u00e1rio, Rua Local da UFJF P\u00f3rtico Sul, Avenida Presidente Itamar Franco, Travessa Doutor Prisco, Rua Jo\u00e3o Pessoa de Rezende, Avenida Francisco Bernardino,<\/p>\n<p>Itiner\u00e1rio de volta: Travessa Dr. Prisco, Av. Francisco Bernardino, Rua Bar\u00e3o de Cataguases, Rua Jo\u00e3o Pinheiro, Rua Engenheiro Gentil Forn, Rua Jos\u00e9 Louren\u00e7o Kelmer, Rua Local da UFJF P\u00f3rtico Norte, Rua Local da UFJF Faculdade de Engenharia &#8211; Ponto Final.<\/p>\n<\/div>\n<div class=\"texto_anexo\"><img loading=\"lazy\" decoding=\"async\" src=\"https:\/\/www.pjf.mg.gov.br\/imagens\/clips.jpg\" width=\"22\" height=\"20\" \/>\u00a0<a href=\"https:\/\/www.pjf.mg.gov.br\/noticias\/anexo\/525_UNVERSIDADE_merged.pdf\" target=\"_blank\" rel=\"noopener\">Veja o anexo<\/a><\/div>\n","protected":false},"excerpt":{"rendered":"<p>Segundo informa\u00e7\u00f5es do site da Prefeitura de Juiz de Fora (PJF), os candidatos que prestam o concurso promovido pela Universidade Federal de Juiz de Fora (UFJF) neste domingo, 28, v\u00e3o contar com hor\u00e1rios extras de \u00f4nibus para o campus sede. As linhas 525 e 535, ambas UFJF, v\u00e3o circular com dois ve\u00edculos cada, com sa\u00eddas [&hellip;]<\/p>\n","protected":false},"author":246,"featured_media":203577,"comment_status":"closed","ping_status":"closed","sticky":false,"template":"","format":"standard","meta":{"footnotes":""},"categories":[253,436,439],"tags":[],"class_list":["post-203576","post","type-post","status-publish","format-standard","has-post-thumbnail","hentry","category-cidade","category-destaque-da-semana","category-ultima-hora"],"_links":{"self":[{"href":"https:\/\/diarioregionaldigital.com.br\/index.php?rest_route=\/wp\/v2\/posts\/203576","targetHints":{"allow":["GET"]}}],"collection":[{"href":"https:\/\/diarioregionaldigital.com.br\/index.php?rest_route=\/wp\/v2\/posts"}],"about":[{"href":"https:\/\/diarioregionaldigital.com.br\/index.php?rest_route=\/wp\/v2\/types\/post"}],"author":[{"embeddable":true,"href":"https:\/\/diarioregionaldigital.com.br\/index.php?rest_route=\/wp\/v2\/users\/246"}],"replies":[{"embeddable":true,"href":"https:\/\/diarioregionaldigital.com.br\/index.php?rest_route=%2Fwp%2Fv2%2Fcomments&post=203576"}],"version-history":[{"count":1,"href":"https:\/\/diarioregionaldigital.com.br\/index.php?rest_route=\/wp\/v2\/posts\/203576\/revisions"}],"predecessor-version":[{"id":203578,"href":"https:\/\/diarioregionaldigital.com.br\/index.php?rest_route=\/wp\/v2\/posts\/203576\/revisions\/203578"}],"wp:featuredmedia":[{"embeddable":true,"href":"https:\/\/diarioregionaldigital.com.br\/index.php?rest_route=\/wp\/v2\/media\/203577"}],"wp:attachment":[{"href":"https:\/\/diarioregionaldigital.com.br\/index.php?rest_route=%2Fwp%2Fv2%2Fmedia&parent=203576"}],"wp:term":[{"taxonomy":"category","embeddable":true,"href":"https:\/\/diarioregionaldigital.com.br\/index.php?rest_route=%2Fwp%2Fv2%2Fcategories&post=203576"},{"taxonomy":"post_tag","embeddable":true,"href":"https:\/\/diarioregionaldigital.com.br\/index.php?rest_route=%2Fwp%2Fv2%2Ftags&post=203576"}],"curies":[{"name":"wp","href":"https:\/\/api.w.org\/{rel}","templated":true}]}}