{"id":203573,"date":"2022-08-26T19:02:32","date_gmt":"2022-08-26T22:02:32","guid":{"rendered":"https:\/\/diarioregionaldigital.com.br\/?p=203573"},"modified":"2022-08-26T19:02:32","modified_gmt":"2022-08-26T22:02:32","slug":"agentes-de-transporte-e-transito-atuam-no-primeiro-dia-de-interdicao-no-bairro-santa-luiza","status":"publish","type":"post","link":"https:\/\/diarioregionaldigital.com.br\/?p=203573","title":{"rendered":"Agentes de transporte e tr\u00e2nsito atuam no primeiro dia de interdi\u00e7\u00e3o no bairro Santa Luiza"},"content":{"rendered":"<p>Segundo informa\u00e7\u00f5es do site da Prefeitura de Juiz de Fora (PJF), o avan\u00e7o das obras de despolui\u00e7\u00e3o do Rio Paraibuna, para a implanta\u00e7\u00e3o do tronco coletor de esgoto do bairro Santa Luzia, gerou nesta sexta-feira, 26, a interdi\u00e7\u00e3o de um trecho da Avenida Ibitiguaia, a partir da Rua Thereza Nogueira dos Santos, na pista sentido bairro\/Centro. Para orientar os motoristas e pedestres no primeiro dia de fechamento, os agentes de tr\u00e2nsito atuaram desde o in\u00edcio da manh\u00e3 no local.<\/p>\n<div id=\"box_texto_noticia\">\n<p>Nos momentos de tr\u00e2nsito mais intenso, foi necess\u00e1rio realizar interven\u00e7\u00f5es pontuais para controlar o tr\u00e1fego e agilizar a circula\u00e7\u00e3o dos ve\u00edculos. Al\u00e9m dos agentes estarem em pontos fixos pr\u00f3ximo aos locais de interdi\u00e7\u00e3o e no desvio dos \u00f4nibus, alguns circularam em viaturas para prontamente resolver quest\u00f5es pontuais. As vias no entorno da interdi\u00e7\u00e3o e no novo itiner\u00e1rio dos \u00f4nibus est\u00e3o sinalizadas com placas de tr\u00e2nsito, cones e faixas informativas.<\/p>\n<p>A obra tem a previs\u00e3o de ser conclu\u00edda em 30 dias. Os motoristas que passam pelo local devem ficar atentos \u00e0s mudan\u00e7as. Nas duas pistas da Avenida S\u00e9rgio Vieira Mendes, via que margeia o C\u00f3rrego Ipiranga a partir da UPA de Santa Luzia, a circula\u00e7\u00e3o ser\u00e1 somente no sentido Ipiranga para o bairro Teixeiras. E a Rua Dr. Costa Reis, a circula\u00e7\u00e3o ser\u00e1 limitada apenas ao sentido Teixeira\/Ipiranga.<\/p>\n<p>Com a altera\u00e7\u00e3o do itiner\u00e1rio de 20 linhas de \u00f4nibus, alguns pontos de \u00f4nibus no sentido bairro\/ Centro foram desativados temporariamente, s\u00e3o eles: Avenida Darcy Vargas pr\u00f3ximo aos n\u00fameros 1005, 869, 733, 583, 311 e 105; Avenida Ibitiguaia pr\u00f3ximo aos n\u00fameros 1095, 1013, 777 e 603; e Avenida Santa Luzia n\u00famero oposto ao 69.<\/p>\n<p>A Rua Renato Pandolfi, no Ipiranga, que passou a ser trajeto de todas as linhas de \u00f4nibus, teve o estacionamento em ambos os lados da via proibido. O desvio montado para o transporte coletivo \u00e9 diferente do destinado aos outros ve\u00edculos, que possuem a op\u00e7\u00e3o de seguir do bairro Ipiranga em dire\u00e7\u00e3o ao Centro pelo bairro Teixeiras, utilizando o seguinte trajeto: Rua Thereza Nogueira dos Santos, Av. Ibitiguaia, Av. S\u00e9rgio Vieira Mendes e depois acessar o bairro Cascatinha pela Avenida Pantaleone Arcuri.<\/p>\n<p>As duas linhas da Zona Sul que atendem \u00e0 Universidade Federal de Juiz de Fora (UFJF), a 190 e 590, al\u00e9m da altera\u00e7\u00e3o de itiner\u00e1rio, v\u00e3o passar por invers\u00e3o na ordem do atendimento aos bairros. At\u00e9 o momento, as linhas atendem primeiro ao bairro Santa Luzia para depois seguirem em dire\u00e7\u00e3o ao Sagrado Cora\u00e7\u00e3o. A partir desta sexta-feira, 26, o \u00f4nibus vai circular atendendo primeiramente aos moradores do Sagrado Cora\u00e7\u00e3o e, posteriormente, \u00e0 popula\u00e7\u00e3o de Santa Luzia. Essa altera\u00e7\u00e3o ocorre somente no sentido UFJF\/bairro.<\/p>\n<p>Confira as altera\u00e7\u00f5es de itiner\u00e1rios de cada linha no sentido Bairro\/Centro:<\/p>\n<p><strong>Linhas 106, 113, 114, 118, 134, 135, 136, 137, 140 e 145:<\/strong><\/p>\n<p>&#8211; Itiner\u00e1rio bairro\/Centro:&#8230;Rua Bady Geara, Avenida Darcy Vargas, Rua Augusta Sobreira Tostes, Rua Renato Pandolfi, Rua Almiro Ribeiro de Toledo, Rua Elvira Bellei, Rua Jos\u00e9 Nunes Leal, Avenida Santa Luzia, Rua \u00c1gua Limpa, Rua Ch\u00e1cara, Rua Dom Silv\u00e9rio, Rua Bar\u00e3o de Aquino, Rua Belmiro Braga, Avenida Bar\u00e3o do Rio Branco&#8230;<\/p>\n<p><strong>Linhas 129, 130, 131 e 133<\/strong><\/p>\n<p>&#8211; Itiner\u00e1rio bairro\/Centro:&#8230;Avenida Darcy Vargas, Rua Augusta Sobreira Tostes, Rua Renato Pandolfi, Rua Almiro Ribeiro de Toledo, Rua Elvira Bellei, Rua Jos\u00e9 Nunes Leal, Avenida Santa Luzia, Rua \u00c1gua Limpa, Rua Ch\u00e1cara, Rua Dom Silv\u00e9rio, Rua Bar\u00e3o de Aquino, Rua Belmiro Braga, Avenida Bar\u00e3o do Rio Branco&#8230;<\/p>\n<p><strong>Linha 132<\/strong><\/p>\n<p>&#8211; Itiner\u00e1rio bairro\/Centro: Rua Elmaia Cunha \u2013 Ponto Final, Rua Almiro Ribeiro de Toledo, Rua Elvira Bellei, Rua Jos\u00e9 Nunes Leal, Avenida Santa Luzia, Rua \u00c1gua Limpa, Rua Ch\u00e1cara, Rua Dom Silv\u00e9rio, Rua Bar\u00e3o de Aquino, Rua Belmiro Braga, Avenida Bar\u00e3o do Rio Branco&#8230;<\/p>\n<p><strong>Linhas 141, 142 e 143<\/strong><\/p>\n<p>&#8211; Itiner\u00e1rio bairro\/Centro:&#8230;Rua Dr. Costa Reis, Avenida Darcy Vargas, Rua Augusta Sobreira Tostes, Rua Renato Pandolfi, Rua Almiro Ribeiro de Toledo, Rua Elvira Bellei, Rua Jos\u00e9 Nunes Leal, Avenida Santa Luzia, Rua \u00c1gua Limpa, Rua Ch\u00e1cara, Rua Dom Silv\u00e9rio, Rua Bar\u00e3o de Aquino, Rua Belmiro Braga, Avenida Bar\u00e3o do Rio Branco&#8230;<\/p>\n<p><strong>Linhas 190 e 590<\/strong><\/p>\n<p>&#8211; Itiner\u00e1rio bairro\/Centro:&#8230;Rua Dr. Costa Reis, Avenida Darcy Vargas, Rua Bady Geara\u2026<\/p>\n<p>Observa\u00e7\u00e3o: A regi\u00e3o de Santa Luzia ser\u00e1 atendida ap\u00f3s o ponto final do Bairro Sagrado Cora\u00e7\u00e3o.<\/p>\n<p>Despolui\u00e7\u00e3o do Rio Paraibuna<\/p>\n<p>A despolui\u00e7\u00e3o do Rio Paraibuna e dos c\u00f3rregos da cidade \u00e9 mais uma importante obra que a Prefeitura de Juiz de Fora (PJF) est\u00e1 realizando atualmente. Em Santa Luzia, ser\u00e3o instaladas aproximadamente 7.800 metros de novas tubula\u00e7\u00f5es nas duas margens do curso d&#8217;\u00e1gua, com isso, o esgoto que antes era despejado no c\u00f3rrego, ser\u00e1 encaminhado para uma unidade de tratamento, preservando o meio ambiente e melhorando a qualidade de vida dos moradores da regi\u00e3o. A implanta\u00e7\u00e3o do coletor tronco Santa Luzia permitir\u00e1 ampliar em mais 12% o volume de esgoto tratado na cidade.<\/p>\n<p>Veja as mudan\u00e7as no anexo<\/p>\n<div><\/div>\n<\/div>\n<p>&nbsp;<\/p>\n<div class=\"texto_anexo\"><img loading=\"lazy\" decoding=\"async\" src=\"https:\/\/www.pjf.mg.gov.br\/imagens\/clips.jpg\" width=\"22\" height=\"20\" \/>\u00a0<a href=\"https:\/\/www.pjf.mg.gov.br\/noticias\/anexo\/mapadealteracaocirculacao.pdf\" target=\"_blank\" rel=\"noopener\">Veja o anexo<\/a><\/div>\n<p>&nbsp;<\/p>\n","protected":false},"excerpt":{"rendered":"<p>Segundo informa\u00e7\u00f5es do site da Prefeitura de Juiz de Fora (PJF), o avan\u00e7o das obras de despolui\u00e7\u00e3o do Rio Paraibuna, para a implanta\u00e7\u00e3o do tronco coletor de esgoto do bairro Santa Luzia, gerou nesta sexta-feira, 26, a interdi\u00e7\u00e3o de um trecho da Avenida Ibitiguaia, a partir da Rua Thereza Nogueira dos Santos, na pista sentido [&hellip;]<\/p>\n","protected":false},"author":246,"featured_media":203574,"comment_status":"closed","ping_status":"closed","sticky":false,"template":"","format":"standard","meta":{"footnotes":""},"categories":[253,436,440,439],"tags":[],"class_list":["post-203573","post","type-post","status-publish","format-standard","has-post-thumbnail","hentry","category-cidade","category-destaque-da-semana","category-destaques-do-dia","category-ultima-hora"],"_links":{"self":[{"href":"https:\/\/diarioregionaldigital.com.br\/index.php?rest_route=\/wp\/v2\/posts\/203573","targetHints":{"allow":["GET"]}}],"collection":[{"href":"https:\/\/diarioregionaldigital.com.br\/index.php?rest_route=\/wp\/v2\/posts"}],"about":[{"href":"https:\/\/diarioregionaldigital.com.br\/index.php?rest_route=\/wp\/v2\/types\/post"}],"author":[{"embeddable":true,"href":"https:\/\/diarioregionaldigital.com.br\/index.php?rest_route=\/wp\/v2\/users\/246"}],"replies":[{"embeddable":true,"href":"https:\/\/diarioregionaldigital.com.br\/index.php?rest_route=%2Fwp%2Fv2%2Fcomments&post=203573"}],"version-history":[{"count":1,"href":"https:\/\/diarioregionaldigital.com.br\/index.php?rest_route=\/wp\/v2\/posts\/203573\/revisions"}],"predecessor-version":[{"id":203575,"href":"https:\/\/diarioregionaldigital.com.br\/index.php?rest_route=\/wp\/v2\/posts\/203573\/revisions\/203575"}],"wp:featuredmedia":[{"embeddable":true,"href":"https:\/\/diarioregionaldigital.com.br\/index.php?rest_route=\/wp\/v2\/media\/203574"}],"wp:attachment":[{"href":"https:\/\/diarioregionaldigital.com.br\/index.php?rest_route=%2Fwp%2Fv2%2Fmedia&parent=203573"}],"wp:term":[{"taxonomy":"category","embeddable":true,"href":"https:\/\/diarioregionaldigital.com.br\/index.php?rest_route=%2Fwp%2Fv2%2Fcategories&post=203573"},{"taxonomy":"post_tag","embeddable":true,"href":"https:\/\/diarioregionaldigital.com.br\/index.php?rest_route=%2Fwp%2Fv2%2Ftags&post=203573"}],"curies":[{"name":"wp","href":"https:\/\/api.w.org\/{rel}","templated":true}]}}