{"id":203570,"date":"2022-08-26T18:57:04","date_gmt":"2022-08-26T21:57:04","guid":{"rendered":"https:\/\/diarioregionaldigital.com.br\/?p=203570"},"modified":"2022-08-26T18:57:04","modified_gmt":"2022-08-26T21:57:04","slug":"equipe-masculina-de-goias-e-campea-na-copa-das-federacoes-de-tenis-em-cadeira-de-rodas","status":"publish","type":"post","link":"https:\/\/diarioregionaldigital.com.br\/?p=203570","title":{"rendered":"Equipe masculina de Goi\u00e1s \u00e9 campe\u00e3 na Copa das Federa\u00e7\u00f5es de t\u00eanis em cadeira de rodas"},"content":{"rendered":"<p>O estado de Goi\u00e1s sagrou-se campe\u00e3o na\u00a0<u><strong>Copa das Federa\u00e7\u00f5es de t\u00eanis em cadeira de rodas<\/strong><\/u>\u00a0na categoria Open masculino nesta quinta-feira, 25. A competi\u00e7\u00e3o, que acontece no Centro de Treinamento Paral\u00edmpico, em S\u00e3o Paulo, segue at\u00e9 o pr\u00f3ximo domingo, 28, com disputas no feminino e no quad.<\/p>\n<p>Nesta quinta-feira, 25, a equipe goiana levou a melhor em uma disputa contra a federa\u00e7\u00e3o paulista, por 2 a 1, na categoria masculino open \u2013 divis\u00e3o A. Santa Catarina completou o p\u00f3dio, na terceira coloca\u00e7\u00e3o.<\/p>\n<p>As disputas da Copa das Federa\u00e7\u00f5es contam com cerca de 70 atletas divididos em tr\u00eas categorias: masculino open (divis\u00e3o A e B), feminino open e quad. Ao todo, 16 unidades federativas do pa\u00eds s\u00e3o representadas na competi\u00e7\u00e3o realizada pela Confedera\u00e7\u00e3o Brasileira de T\u00eanis (CBT).\u00a0<a href=\"https:\/\/cpb.org.br\/noticia\/detalhe\/4397\/parana-sobe-para-elite-nacional-do-tenis-em-cadeira-de-rodas-na-copa-das-federacoes\" target=\"_blank\" rel=\"noopener\"><u><strong>O estado do Paran\u00e1 conquistou o t\u00edtulo pela divis\u00e3o B no masculino open<\/strong><\/u><\/a>.<\/p>\n<p>At\u00e9 este domingo, 28, acontecem as disputas da categoria feminino open \u2013 divis\u00e3o A, com a participa\u00e7\u00e3o das equipes de Minas Gerais, S\u00e3o Paulo, Goi\u00e1s, Rond\u00f4nia, Esp\u00edrito Santo, Distrito Federal, Tocantins e Rio de Janeiro.<\/p>\n<p>Por fim, o quad-exibi\u00e7\u00e3o ter\u00e1 representantes do Distrito Federal, Esp\u00edrito Santo e S\u00e3o Paulo. A disputa nessa categoria n\u00e3o possui car\u00e1ter competitivo e nem vale pontos para o ranking, pois h\u00e1 poucos atletas inscritos. Apesar disso, os tenistas receber\u00e3o medalhas e trof\u00e9us. O objetivo da CBT \u00e9 atrair mais pessoas para a classe Quad, na qual disputam atletas com defici\u00eancias nos membros superiores.<\/p>\n<p><em>*Com informa\u00e7\u00f5es da Confedera\u00e7\u00e3o Brasileira de t\u00eanis (CBT)<\/em><\/p>\n<p>Fonte: Assessoria de Comunica\u00e7\u00e3o do Comit\u00ea Paral\u00edmpico Brasileiro (imp@cpb.org.br)<\/p>\n","protected":false},"excerpt":{"rendered":"<p>O estado de Goi\u00e1s sagrou-se campe\u00e3o na\u00a0Copa das Federa\u00e7\u00f5es de t\u00eanis em cadeira de rodas\u00a0na categoria Open masculino nesta quinta-feira, 25. A competi\u00e7\u00e3o, que acontece no Centro de Treinamento Paral\u00edmpico, em S\u00e3o Paulo, segue at\u00e9 o pr\u00f3ximo domingo, 28, com disputas no feminino e no quad. Nesta quinta-feira, 25, a equipe goiana levou a melhor [&hellip;]<\/p>\n","protected":false},"author":246,"featured_media":203571,"comment_status":"closed","ping_status":"closed","sticky":false,"template":"","format":"standard","meta":{"footnotes":""},"categories":[436,257,439],"tags":[],"class_list":["post-203570","post","type-post","status-publish","format-standard","has-post-thumbnail","hentry","category-destaque-da-semana","category-esporte","category-ultima-hora"],"_links":{"self":[{"href":"https:\/\/diarioregionaldigital.com.br\/index.php?rest_route=\/wp\/v2\/posts\/203570","targetHints":{"allow":["GET"]}}],"collection":[{"href":"https:\/\/diarioregionaldigital.com.br\/index.php?rest_route=\/wp\/v2\/posts"}],"about":[{"href":"https:\/\/diarioregionaldigital.com.br\/index.php?rest_route=\/wp\/v2\/types\/post"}],"author":[{"embeddable":true,"href":"https:\/\/diarioregionaldigital.com.br\/index.php?rest_route=\/wp\/v2\/users\/246"}],"replies":[{"embeddable":true,"href":"https:\/\/diarioregionaldigital.com.br\/index.php?rest_route=%2Fwp%2Fv2%2Fcomments&post=203570"}],"version-history":[{"count":1,"href":"https:\/\/diarioregionaldigital.com.br\/index.php?rest_route=\/wp\/v2\/posts\/203570\/revisions"}],"predecessor-version":[{"id":203572,"href":"https:\/\/diarioregionaldigital.com.br\/index.php?rest_route=\/wp\/v2\/posts\/203570\/revisions\/203572"}],"wp:featuredmedia":[{"embeddable":true,"href":"https:\/\/diarioregionaldigital.com.br\/index.php?rest_route=\/wp\/v2\/media\/203571"}],"wp:attachment":[{"href":"https:\/\/diarioregionaldigital.com.br\/index.php?rest_route=%2Fwp%2Fv2%2Fmedia&parent=203570"}],"wp:term":[{"taxonomy":"category","embeddable":true,"href":"https:\/\/diarioregionaldigital.com.br\/index.php?rest_route=%2Fwp%2Fv2%2Fcategories&post=203570"},{"taxonomy":"post_tag","embeddable":true,"href":"https:\/\/diarioregionaldigital.com.br\/index.php?rest_route=%2Fwp%2Fv2%2Ftags&post=203570"}],"curies":[{"name":"wp","href":"https:\/\/api.w.org\/{rel}","templated":true}]}}