{"id":203567,"date":"2022-08-26T18:53:05","date_gmt":"2022-08-26T21:53:05","guid":{"rendered":"https:\/\/diarioregionaldigital.com.br\/?p=203567"},"modified":"2022-08-26T18:53:05","modified_gmt":"2022-08-26T21:53:05","slug":"participantes-do-camping-militar-celebram-estreia-no-meeting-paralimpico-loterias-caixa-de-tiro-esportivo","status":"publish","type":"post","link":"https:\/\/diarioregionaldigital.com.br\/?p=203567","title":{"rendered":"Participantes do Camping Militar celebram estreia no Meeting Paral\u00edmpico Loterias Caixa de tiro esportivo"},"content":{"rendered":"<p>Everton Bonfim e Fernanda Lovatti s\u00e3o dois dos 31 atletas inscritos no\u00a0<u><strong><a href=\"https:\/\/www.cpb.org.br\/noticia\/detalhe\/4398\/cpb-realiza-2o-meeting-paralimpico-loterias-caixa-de-tiro-esportivo-no-rj-neste-final-de-semana\" target=\"_blank\" rel=\"noopener\">Meeting Paral\u00edmpico Loterias Caixa de tiro esportivo<\/a><\/strong><\/u>, competi\u00e7\u00e3o que acontecer\u00e1 neste s\u00e1bado, 27, e domingo, 28, no Rio de Janeiro. O evento ter\u00e1 provas de pistola e carabina, na Escola Naval, e de tiro ao prato, no Centro Militar de Tiro Esportivo de Deodoro.<\/p>\n<p>Ambos v\u00e3o estrear na competi\u00e7\u00e3o ap\u00f3s participarem do<u><strong><a href=\"https:\/\/www.cpb.org.br\/noticia\/detalhe\/4225\/vem-ai-cpb-realiza-1a-edicao-do-camping-militar-paralimpico-2022-em-campinas\" target=\"_blank\" rel=\"noopener\">\u00a0Camping Militar Paral\u00edmpico, realizado no \u00faltimo m\u00eas de julho e que reuniu 46 militares e agentes de seguran\u00e7a p\u00fablica com defici\u00eancias na cidade de Campinas (SP).<\/a><\/strong><\/u><\/p>\n<p>No interior paulista, Everton e Fernanda passaram a semana inseridos em uma rotina de alto rendimento. Al\u00e9m dos treinos espec\u00edficos da modalidade, eles tamb\u00e9m foram submetidos a avalia\u00e7\u00f5es f\u00edsicas e tiveram acompanhamento psicol\u00f3gico. Todas as atividades foram feitas sob a orienta\u00e7\u00e3o de profissionais do Comit\u00ea Paral\u00edmpico Brasileiro (CPB).<\/p>\n<p>Nessa \u00faltima edi\u00e7\u00e3o do Camping, de maneira in\u00e9dita, alguns participantes ainda tiveram a oportunidade de disputar duas competi\u00e7\u00f5es:<u><strong><a href=\"https:\/\/cpb.org.br\/noticia\/detalhe\/4251\/camping-militar-paralimpico-se-encerra-neste-domingo-com-duas-competicoes-de-alto-rendimento\" target=\"_blank\" rel=\"noopener\">\u00a0as Ol\u00edmpiadas do Ex\u00e9rcito, que, pela primeira vez, contaram com atletas paral\u00edmpicos no tiro com arco, e o Torneio Bicenten\u00e1rio da Independ\u00eancia, que foi aberto a todos os atletas integrantes do Camping e teve disputas tamb\u00e9m no tiro esportivo.\u00a0<\/a><\/strong><\/u><\/p>\n<p>&#8220;Fiquei em segundo lugar na carabina de ar R1 \u2013 SH1 no Torneio Bicenten\u00e1rio. Ter participado do Camping e do torneio me animou para continuar na pr\u00e1tica do tiro esportivo, uma modalidade na qual me identifico muito. Por isso, resolvi me inscrever no Meeting&#8221;, disse o carioca Everton, que representar\u00e1 o clube IADERJ na competi\u00e7\u00e3o em sua cidade natal\u00a0e disputar\u00e1 a mesma prova em que foi medalha de prata em Campinas. Atualmente, Everton \u00e9 cabo reformado da Pol\u00edcia Militar do Rio de Janeiro. Ap\u00f3s ser baleado em servi\u00e7o, no m\u00eas de outubro de 2018, participou do seu 1\u00ba Camping no ano seguinte e, desde ent\u00e3o, tem se dedicado ao esporte.<\/p>\n<p>Situa\u00e7\u00e3o semelhante \u00e0 de Fernanda. Ap\u00f3s levar um tiro na coluna lombar, a cabo ficou com sequelas f\u00edsicas e emocionais, conforme seu pr\u00f3prio relato. &#8220;Ap\u00f3s um ano de fisioterapia, n\u00e3o havia mais o que fazer. Quase entrei em depress\u00e3o, mas me lembrei do convite que recebi para conhecer um projeto de reabilita\u00e7\u00e3o. Ent\u00e3o, outra porta se abriu. Fui chamada para participar da equipe de tiro da Pol\u00edcia Militar do Rio de Janeiro. Isso resgatou minha autoestima&#8221;, contou<u><strong><a href=\"https:\/\/www.cpb.org.br\/noticia\/detalhe\/4280\/confira-todos-os-resultados-da-1a-edicao-do-camping-militar-paralimpico-do-cpb\" target=\"_blank\" rel=\"noopener\">\u00a0Fernanda, que tamb\u00e9m ficou em segundo lugar no Torneio Bicenten\u00e1rio da Independ\u00eancia, em Campinas, mas na carabina de ar R2-SH1.\u00a0<\/a><\/strong><\/u><\/p>\n<p>Al\u00e9m dos dois atletas, o Meeting Paral\u00edmpico de tiro esportivo vai reunir atiradores que j\u00e1 destacaram internacionalmente, como o capixaba Bruno Kiefer e a catarinense J\u00e9ssica Michalack. Ambos, juntos com o paulista Alexandre Galgani,\u00a0<u><strong><a href=\"https:\/\/www.cpb.org.br\/noticia\/detalhe\/4178\/brasil-termina-copa-do-mundo-de-tiro-esportivo-com-medalha-de-bronze-por-equipes-na-franca#:~:text=dom%2C%2012%20jun%202022%2013,24%3A11%20-03%3A00&amp;text=O%20trio%20brasileiro%20formado%20por,12%2C%20%C3%BAltimo%20dia%20de%20competi%C3%A7%C3%A3o.\" target=\"_blank\" rel=\"noopener\">conquistaram a medalha de bronze na Copa do Mundo da modalidade, em Ch\u00e2teauroux, na Fran\u00e7a, no \u00faltimo m\u00eas de junho.\u00a0<\/a><\/strong><\/u><\/p>\n<p>A exemplo dos Meetings de atletismo, nata\u00e7\u00e3o e halterofilismo, que s\u00e3o realizados pelo CPB desde o ano passado, o de tiro esportivo tem como objetivos desenvolver a pr\u00e1tica esportiva no pa\u00eds, contribuir para o aprimoramento t\u00e9cnico da modalidade em disputa e proporcionar oportunidades de competi\u00e7\u00e3o aos atletas de elite e novos valores do paradesporto brasileiro.<\/p>\n<p><u><strong><a href=\"https:\/\/www.cpb.org.br\/upload\/link\/8308ec79a37d40ddb90a1f7c87ab6240.pdf\">VEJA A LISTA DE ATLETAS INSCRITOS PARA O MEETING DE TIRO ESPORTIVO<\/a><\/strong><\/u><\/p>\n<p><strong>Confira a rela\u00e7\u00e3o de provas do 2\u00ba Meeting Paral\u00edmpico Loterias Caixa de tiro esportivo:<\/strong><br \/>\nR1 Carabina de Ar \u2013 Posi\u00e7\u00e3o em p\u00e9 Masculino SH1<br \/>\nR3 Carabina de Ar \u2013 Posi\u00e7\u00e3o Deitado Misto SH1<br \/>\nR4 Carabina de Ar \u2013 Posi\u00e7\u00e3o em p\u00e9 Misto SH2<br \/>\nR5 Carabina de Ar \u2013 Posi\u00e7\u00e3o Deitado Misto SH2<br \/>\nR6 Carabina .22 \u2013 50m \u2013 Posi\u00e7\u00e3o Deitado Misto SH1<br \/>\nR7 Carabina .22 \u2013 3&#215;40 \u2013 50m Masculino SH1<br \/>\nP1 Pistola de Ar Masculino SH1<br \/>\nP2 Pistola de Ar Feminino SH1<br \/>\nP3 Pistola Sport Misto SH1<br \/>\nP4 Pistola Livre Misto SH1<br \/>\nP5 Pistola Standard Misto SH1<br \/>\nT1,T2 e T3 Para-Trap Misto<\/p>\n<p><strong>Imprensa\u00a0<\/strong><br \/>\nOs profissionais de imprensa interessados em cobrir o Meeting Paral\u00edmpico de tiro esportivo no Rio de Janeiro podem enviar um e-mail para imp@cpb.org.br com os seguintes dados: nome completo, RG ou CPF, ve\u00edculo por qual ir\u00e1 cobrir o evento e o comprovante do esquema vacinal completo contra a Covid-19. O uso de m\u00e1scara ser\u00e1 obrigat\u00f3rio. No dia do evento, dever\u00e3o se identificar na sala de imprensa do local.<\/p>\n<p><strong>Servi\u00e7o<\/strong><\/p>\n<p><strong>2\u00ba Meeting Paral\u00edmpico Loterias Caixa de tiro esportivo\u00a0<\/strong><\/p>\n<p><strong>Provas de carabina e pistola<\/strong><br \/>\n<strong>Local:<\/strong>\u00a0Escola Naval no Rio de Janeiro<br \/>\n<strong>Endere\u00e7o:\u00a0<\/strong>Av. Alm. Silvio de Noronha, s\/n &#8211; Centro, Rio de Janeiro<br \/>\n<strong>Dias e hor\u00e1rios:\u00a0<\/strong>s\u00e1bado, 27, \u00a0das 9h \u00e0s 16h, e domingo, 28, das 9h \u00e0s 14h<\/p>\n<p><strong>Prova de trap<\/strong><br \/>\n<strong>Local:\u00a0<\/strong>Centro Militar de Tiro Esportivo de Deodoro<br \/>\n<strong>Endere\u00e7o:<\/strong>\u00a0Av. Brasil, 27195 &#8211; Vila Militar, Zona Oeste, Rio de Janeiro<br \/>\n<strong>Dia e hor\u00e1rio:<\/strong>\u00a0s\u00e1bado, 27, das 10h \u00e0s 12h<\/p>\n<p><strong>Patroc\u00ednio<\/strong><br \/>\nO Tiro Esportivo tem patroc\u00ednio das Loterias Caixa.<\/p>\n<p>Fonte: Assessoria de imprensa do Comit\u00ea Paral\u00edmpico Brasileiro (imp@cpb.org.br)<\/p>\n","protected":false},"excerpt":{"rendered":"<p>Everton Bonfim e Fernanda Lovatti s\u00e3o dois dos 31 atletas inscritos no\u00a0Meeting Paral\u00edmpico Loterias Caixa de tiro esportivo, competi\u00e7\u00e3o que acontecer\u00e1 neste s\u00e1bado, 27, e domingo, 28, no Rio de Janeiro. O evento ter\u00e1 provas de pistola e carabina, na Escola Naval, e de tiro ao prato, no Centro Militar de Tiro Esportivo de Deodoro. [&hellip;]<\/p>\n","protected":false},"author":246,"featured_media":203568,"comment_status":"closed","ping_status":"closed","sticky":false,"template":"","format":"standard","meta":{"footnotes":""},"categories":[436,257,439],"tags":[],"class_list":["post-203567","post","type-post","status-publish","format-standard","has-post-thumbnail","hentry","category-destaque-da-semana","category-esporte","category-ultima-hora"],"_links":{"self":[{"href":"https:\/\/diarioregionaldigital.com.br\/index.php?rest_route=\/wp\/v2\/posts\/203567","targetHints":{"allow":["GET"]}}],"collection":[{"href":"https:\/\/diarioregionaldigital.com.br\/index.php?rest_route=\/wp\/v2\/posts"}],"about":[{"href":"https:\/\/diarioregionaldigital.com.br\/index.php?rest_route=\/wp\/v2\/types\/post"}],"author":[{"embeddable":true,"href":"https:\/\/diarioregionaldigital.com.br\/index.php?rest_route=\/wp\/v2\/users\/246"}],"replies":[{"embeddable":true,"href":"https:\/\/diarioregionaldigital.com.br\/index.php?rest_route=%2Fwp%2Fv2%2Fcomments&post=203567"}],"version-history":[{"count":1,"href":"https:\/\/diarioregionaldigital.com.br\/index.php?rest_route=\/wp\/v2\/posts\/203567\/revisions"}],"predecessor-version":[{"id":203569,"href":"https:\/\/diarioregionaldigital.com.br\/index.php?rest_route=\/wp\/v2\/posts\/203567\/revisions\/203569"}],"wp:featuredmedia":[{"embeddable":true,"href":"https:\/\/diarioregionaldigital.com.br\/index.php?rest_route=\/wp\/v2\/media\/203568"}],"wp:attachment":[{"href":"https:\/\/diarioregionaldigital.com.br\/index.php?rest_route=%2Fwp%2Fv2%2Fmedia&parent=203567"}],"wp:term":[{"taxonomy":"category","embeddable":true,"href":"https:\/\/diarioregionaldigital.com.br\/index.php?rest_route=%2Fwp%2Fv2%2Fcategories&post=203567"},{"taxonomy":"post_tag","embeddable":true,"href":"https:\/\/diarioregionaldigital.com.br\/index.php?rest_route=%2Fwp%2Fv2%2Ftags&post=203567"}],"curies":[{"name":"wp","href":"https:\/\/api.w.org\/{rel}","templated":true}]}}