{"id":203537,"date":"2022-08-26T18:24:54","date_gmt":"2022-08-26T21:24:54","guid":{"rendered":"https:\/\/diarioregionaldigital.com.br\/?p=203537"},"modified":"2022-08-26T18:24:54","modified_gmt":"2022-08-26T21:24:54","slug":"ministro-da-economia-defende-fim-do-ipi","status":"publish","type":"post","link":"https:\/\/diarioregionaldigital.com.br\/?p=203537","title":{"rendered":"Ministro da Economia defende fim do IPI"},"content":{"rendered":"<p>O ministro da Economia, Paulo Guedes, voltou a defender o fim do Imposto sobre Produtos Industrializados (IPI). Convidado a proferir uma palestra organizada pela Associa\u00e7\u00e3o da Classe M\u00e9dia (Aclame), em Porto Alegre, Guedes disse que a cobran\u00e7a do tributo desestimula os investimentos produtivos, contribuindo para a \u201cdesindustrializa\u00e7\u00e3o\u201d do pa\u00eds.<img decoding=\"async\" src=\"https:\/\/agenciabrasil.ebc.com.br\/ebc.png?id=1479101&amp;o=node\" \/><img decoding=\"async\" src=\"https:\/\/agenciabrasil.ebc.com.br\/ebc.gif?id=1479101&amp;o=node\" \/><\/p>\n<p>\u201cTemos que zerar o IPI\u201d, declarou o ministro ap\u00f3s destacar que o governo federal j\u00e1 conseguiu reduzir em at\u00e9 35% o valor do imposto cobrado da maioria dos produtos fabricados no pa\u00eds, \u00e0 exce\u00e7\u00e3o de parte dos fabricados na Zona Franca de Manaus.<\/p>\n<p>\u201c\u00c9 um bom come\u00e7o. E assim a gente segue e v\u00ea o que vai acontecer ali na frente. [Cortando] mais 35%, faltar\u00e3o apenas 30% [para o zerarmos]. E, a\u00ed sim, d\u00e1 para abaixar mais a tarifa do Mercosul e outras\u201d, acrescentou o ministro, assegurando que a inten\u00e7\u00e3o do governo federal \u00e9 baixar impostos de forma \u201cmuito gradual\u201d.<\/p>\n<p>Guedes tamb\u00e9m associou a cria\u00e7\u00e3o do extinto Minist\u00e9rio do Planejamento \u00e0 desacelera\u00e7\u00e3o do crescimento econ\u00f4mico registrado anteriormente. Criado em 1962 para coordenar a pol\u00edtica econ\u00f4mica, a pasta teve suas atribui\u00e7\u00f5es ampliadas em 1964, passando por v\u00e1rias mudan\u00e7as de status e atribui\u00e7\u00f5es at\u00e9 que, em 1999, foi institu\u00eddo o Minist\u00e9rio do Planejamento, Or\u00e7amento e Gest\u00e3o. Logo ao assumir o cargo, o presidente da Rep\u00fablica, Jair Bolsonaro, extinguiu o minist\u00e9rio, transferindo suas atribui\u00e7\u00f5es para o Minist\u00e9rio da Economia, comandado por Guedes.<\/p>\n<p>\u201cO Brasil j\u00e1 foi a economia mais din\u00e2mica do mundo, crescia a 7,3% em m\u00e9dia, ao longo de duas, tr\u00eas d\u00e9cadas [\u2026] Traz\u00edamos gente do mundo inteiro, cresc\u00edamos rapidamente, e n\u00e3o t\u00ednhamos um Minist\u00e9rio do Planejamento. Quando o criamos, come\u00e7amos a descer\u201d, disse o ministro ao se referir ao que classificou como o \u201cdesmonte da economia brasileira\u201d e criticar o \u201cplanejamento central&#8221;.<\/p>\n<p>\u201cRejeitamos o modelo estatista-dirigista\u201d, acrescentou Guedes para justificar sua cr\u00edtica. \u201cO ministro do Planejamento que for planejar o futuro do Brasil \u00e9 um farsante. Ningu\u00e9m tem este conhecimento. A democracia \u00e9 um algoritmo de decis\u00e3o pol\u00edtica descentralizada. E os mercados s\u00e3o algoritmos de decis\u00e3o econ\u00f4mica descentralizados. Ou seja, quem conhece o futuro dos semicondutores s\u00e3o as pessoas que est\u00e3o os produzindo. Eles t\u00eam melhores condi\u00e7\u00f5es de planejar o futuro do que n\u00f3s. Tudo o que podemos fazer \u00e9 oferecer um bom ambiente de neg\u00f3cios e condi\u00e7\u00f5es atraentes\u201d, comentou o ministro antes de admitir n\u00e3o\u00a0ter\u00a0conseguido realizar tudo aquilo que pretendia fazer \u00e0\u00a0frente do Minist\u00e9rio da Economia.<\/p>\n<p>\u201cQuando chegamos, nosso diagn\u00f3stico era o seguinte: temos que controlar os gastos e reverter o modelo [estatista]. No primeiro ano, fizemos a Reforma da Previd\u00eancia, mas n\u00e3o conseguimos fazer o que quer\u00edamos. Fizemos 60% do que quer\u00edamos. Porque quer\u00edamos um regime de capitaliza\u00e7\u00e3o\u201d, completou Guedes.<\/p>\n<p><span style=\"font-weight: 400;\">Fonte: Ag\u00eancia Brasil <\/span><\/p>\n","protected":false},"excerpt":{"rendered":"<p>O ministro da Economia, Paulo Guedes, voltou a defender o fim do Imposto sobre Produtos Industrializados (IPI). Convidado a proferir uma palestra organizada pela Associa\u00e7\u00e3o da Classe M\u00e9dia (Aclame), em Porto Alegre, Guedes disse que a cobran\u00e7a do tributo desestimula os investimentos produtivos, contribuindo para a \u201cdesindustrializa\u00e7\u00e3o\u201d do pa\u00eds. \u201cTemos que zerar o IPI\u201d, declarou [&hellip;]<\/p>\n","protected":false},"author":246,"featured_media":203538,"comment_status":"closed","ping_status":"closed","sticky":false,"template":"","format":"standard","meta":{"footnotes":""},"categories":[436,440,261,439],"tags":[],"class_list":["post-203537","post","type-post","status-publish","format-standard","has-post-thumbnail","hentry","category-destaque-da-semana","category-destaques-do-dia","category-economia","category-ultima-hora"],"_links":{"self":[{"href":"https:\/\/diarioregionaldigital.com.br\/index.php?rest_route=\/wp\/v2\/posts\/203537","targetHints":{"allow":["GET"]}}],"collection":[{"href":"https:\/\/diarioregionaldigital.com.br\/index.php?rest_route=\/wp\/v2\/posts"}],"about":[{"href":"https:\/\/diarioregionaldigital.com.br\/index.php?rest_route=\/wp\/v2\/types\/post"}],"author":[{"embeddable":true,"href":"https:\/\/diarioregionaldigital.com.br\/index.php?rest_route=\/wp\/v2\/users\/246"}],"replies":[{"embeddable":true,"href":"https:\/\/diarioregionaldigital.com.br\/index.php?rest_route=%2Fwp%2Fv2%2Fcomments&post=203537"}],"version-history":[{"count":1,"href":"https:\/\/diarioregionaldigital.com.br\/index.php?rest_route=\/wp\/v2\/posts\/203537\/revisions"}],"predecessor-version":[{"id":203539,"href":"https:\/\/diarioregionaldigital.com.br\/index.php?rest_route=\/wp\/v2\/posts\/203537\/revisions\/203539"}],"wp:featuredmedia":[{"embeddable":true,"href":"https:\/\/diarioregionaldigital.com.br\/index.php?rest_route=\/wp\/v2\/media\/203538"}],"wp:attachment":[{"href":"https:\/\/diarioregionaldigital.com.br\/index.php?rest_route=%2Fwp%2Fv2%2Fmedia&parent=203537"}],"wp:term":[{"taxonomy":"category","embeddable":true,"href":"https:\/\/diarioregionaldigital.com.br\/index.php?rest_route=%2Fwp%2Fv2%2Fcategories&post=203537"},{"taxonomy":"post_tag","embeddable":true,"href":"https:\/\/diarioregionaldigital.com.br\/index.php?rest_route=%2Fwp%2Fv2%2Ftags&post=203537"}],"curies":[{"name":"wp","href":"https:\/\/api.w.org\/{rel}","templated":true}]}}