{"id":203534,"date":"2022-08-26T06:00:27","date_gmt":"2022-08-26T09:00:27","guid":{"rendered":"https:\/\/diarioregionaldigital.com.br\/?p=203534"},"modified":"2022-08-25T23:40:18","modified_gmt":"2022-08-26T02:40:18","slug":"ame-sem-esperar-reciprocidade","status":"publish","type":"post","link":"https:\/\/diarioregionaldigital.com.br\/?p=203534","title":{"rendered":"Ame sem esperar reciprocidade"},"content":{"rendered":"<p>\u201cAmados, visto que Deus assim nos amou, n\u00f3s tamb\u00e9m devemos amar-nos uns aos outros\u201d (1 Jo\u00e3o 4: 11).<\/p>\n<p>Alguns pensam:<\/p>\n<p>&#8211; por que devo amar ao pr\u00f3ximo? Afinal, eu n\u00e3o devo nada a esta sociedade!<\/p>\n<p>As rela\u00e7\u00f5es humanas n\u00e3o s\u00e3o uma coisa simples. Via de regra, a sociedade, as pessoas, machucam e algumas feridas tornam indiv\u00edduos arredios, menos afeitos \u00e0 empatia; fazem ficar at\u00e9 mesmo meio ranzinzas e desconfiados.<\/p>\n<p>Talvezzna somat\u00f3ria, voc\u00ea tenha se deparado com mais gestos ruins do que bons, por\u00e9m, pare para pensar: muitos dos desagravos que sofreu n\u00e3o te ajudaram a se tornar uma pessoa mais forte e resiliente? Afinal de contas, apesar dos pesares, voc\u00ea est\u00e1 a\u00ed de p\u00e9? N\u00e3o \u00e9 mesmo?!<\/p>\n<p>Se pensarmos com calma, sempre encontraremos na mem\u00f3ria recorda\u00e7\u00f5es positivas dos gestos de bondade que nos beneficiaram, n\u00e3o \u00e9 mesmo?! Aquela pessoa que encontrou um pertence seu e devolveu, aquele indiv\u00edduo que te ajudou naquela situa\u00e7\u00e3o dif\u00edcil, aquele desconhecido que te fez aquele favor,\u2026<\/p>\n<p>Ora, mesmo com tudo de ruim, h\u00e1 tanta coisa boa, n\u00e3o \u00e9 mesmo?! Tantos gestos merecedores de gratid\u00e3o. Mas por que ent\u00e3o as recorda\u00e7\u00f5es ruins falam t\u00e3o mais alto aos nossos cora\u00e7\u00f5es? O fato \u00e9 que talvez n\u00f3s sejamos os respons\u00e1veis por isso. Talvez estejamos apontando um holofote para as coisas ruins e deixando as boas na penumbra. Pense nisso!<\/p>\n<p>De fato, n\u00e3o devemos amar os outros porque recebemos qualquer coisa das pessoas, n\u00e3o podemos pensar que o amor ao pr\u00f3ximo \u00e9 uma esp\u00e9cie de retribui\u00e7\u00e3o, uma troca entre pares. Pois \u00e9 bem verdade que somos devedores de muito amor, carinho e afei\u00e7\u00e3o. Mesmo que a vida tenha sido dif\u00edcil at\u00e9 aqui, para cada desagravo fomos favorecidos por outras tantas b\u00ean\u00e7\u00e3os.<\/p>\n<p>Que tal agora passar a considerar s\u00f3 as coisas boas, e ir descartando as ruins? Que tal viver as b\u00ean\u00e7\u00e3os do presente e deixar o passado passar? Que tal real\u00e7ar cada gesto de generosidade e se desligar das afrontas? Quem sabe n\u00e3o seria uma boa, parar de se importar um pouco com a maldade e dar total aten\u00e7\u00e3o \u00e0 bondade?<\/p>\n<p>Fa\u00e7a esse teste, mesmo que n\u00e3o sejamos devedores da sociedade, voc\u00ea ver\u00e1 que Deus coloca constantemente pessoas boas no seu caminho. \u00c0s vezes nos falta t\u00e3o somente enxergar.<\/p>\n<p>Agora, se ainda assim n\u00e3o for poss\u00edvel ver beleza na humanidade, mesmo assim, ame. N\u00e3o porque algu\u00e9m te amou, mas porque Deus est\u00e1 te pedindo este gesto de desprendimento. O Alt\u00edssimo\u00a0 n\u00e3o nos pede absolutamente nada por acaso; tenha certeza de que, no futuro, esta decis\u00e3o far\u00e1 todo o sentido que agora talvez n\u00e3o fa\u00e7a.<\/p>\n","protected":false},"excerpt":{"rendered":"<p>\u201cAmados, visto que Deus assim nos amou, n\u00f3s tamb\u00e9m devemos amar-nos uns aos outros\u201d (1 Jo\u00e3o 4: 11). Alguns pensam: &#8211; por que devo amar ao pr\u00f3ximo? Afinal, eu n\u00e3o devo nada a esta sociedade! As rela\u00e7\u00f5es humanas n\u00e3o s\u00e3o uma coisa simples. Via de regra, a sociedade, as pessoas, machucam e algumas feridas tornam [&hellip;]<\/p>\n","protected":false},"author":96,"featured_media":0,"comment_status":"closed","ping_status":"closed","sticky":false,"template":"","format":"standard","meta":{"footnotes":""},"categories":[1244],"tags":[],"class_list":["post-203534","post","type-post","status-publish","format-standard","hentry","category-oleg-abramov"],"_links":{"self":[{"href":"https:\/\/diarioregionaldigital.com.br\/index.php?rest_route=\/wp\/v2\/posts\/203534","targetHints":{"allow":["GET"]}}],"collection":[{"href":"https:\/\/diarioregionaldigital.com.br\/index.php?rest_route=\/wp\/v2\/posts"}],"about":[{"href":"https:\/\/diarioregionaldigital.com.br\/index.php?rest_route=\/wp\/v2\/types\/post"}],"author":[{"embeddable":true,"href":"https:\/\/diarioregionaldigital.com.br\/index.php?rest_route=\/wp\/v2\/users\/96"}],"replies":[{"embeddable":true,"href":"https:\/\/diarioregionaldigital.com.br\/index.php?rest_route=%2Fwp%2Fv2%2Fcomments&post=203534"}],"version-history":[{"count":1,"href":"https:\/\/diarioregionaldigital.com.br\/index.php?rest_route=\/wp\/v2\/posts\/203534\/revisions"}],"predecessor-version":[{"id":203535,"href":"https:\/\/diarioregionaldigital.com.br\/index.php?rest_route=\/wp\/v2\/posts\/203534\/revisions\/203535"}],"wp:attachment":[{"href":"https:\/\/diarioregionaldigital.com.br\/index.php?rest_route=%2Fwp%2Fv2%2Fmedia&parent=203534"}],"wp:term":[{"taxonomy":"category","embeddable":true,"href":"https:\/\/diarioregionaldigital.com.br\/index.php?rest_route=%2Fwp%2Fv2%2Fcategories&post=203534"},{"taxonomy":"post_tag","embeddable":true,"href":"https:\/\/diarioregionaldigital.com.br\/index.php?rest_route=%2Fwp%2Fv2%2Ftags&post=203534"}],"curies":[{"name":"wp","href":"https:\/\/api.w.org\/{rel}","templated":true}]}}