{"id":203524,"date":"2022-08-25T20:44:23","date_gmt":"2022-08-25T23:44:23","guid":{"rendered":"https:\/\/diarioregionaldigital.com.br\/?p=203524"},"modified":"2022-08-25T20:44:23","modified_gmt":"2022-08-25T23:44:23","slug":"rua-de-brincar-sera-inaugurada-no-bairro-santo-antonio-neste-domingo-28","status":"publish","type":"post","link":"https:\/\/diarioregionaldigital.com.br\/?p=203524","title":{"rendered":"Rua de Brincar ser\u00e1 inaugurada no bairro Santo Ant\u00f4nio neste domingo, 28"},"content":{"rendered":"<p>Segundo informa\u00e7\u00f5es do site da Prefeitura de Juiz de Fora (PJF), o projeto Rua de Brincar, organizado pela Prefeitura de Juiz de Fora (PJF), estreia na manh\u00e3 deste domingo, 28, no bairro Santo Ant\u00f4nio. O evento chega \u00e0 Rua Oct\u00e1vio Corr\u00eaa Maia<strong>\u00a0<\/strong>com o objetivo de transform\u00e1-la em um espa\u00e7o de lazer e aprendizado para crian\u00e7as, adultos e idosos que moram na regi\u00e3o.<\/p>\n<p>&nbsp;<\/p>\n<p>O Rua de Brincar, coordenado pela Secretaria de Governo (SG), foi inaugurado em outubro de 2021 e j\u00e1 chegou a sete bairros da cidade. Todos os domingos, de 8h \u00e0s 12h, as ruas contempladas pelo projeto ficam fechadas para o tr\u00e2nsito de ve\u00edculos e \u00e9 poss\u00edvel utilizar o espa\u00e7o p\u00fablico para o lazer e atividades ao ar livre.<\/p>\n<p>&nbsp;<\/p>\n<p>Neste final de semana, a inaugura\u00e7\u00e3o do projeto no bairro Santo Ant\u00f4nio contar\u00e1 com uma s\u00e9rie de atividades recreativas e diversas como: cama el\u00e1stica, parquinho, infl\u00e1veis, tot\u00f3, sinuquinha, petecas, dama, xadrez, brinquedos reciclados e desenhos para colorir, al\u00e9m de treinamento em primeiros socorros com o Samuzinho e pinturas no rosto. Em parceria com a Faculdade Est\u00e1cio de S\u00e1, a prefeitura vai realizar vacina\u00e7\u00e3o e aferi\u00e7\u00e3o de glicemia. Al\u00e9m das brincadeiras, a Rua Oct\u00e1vio Corr\u00eaa Maia receber\u00e1 pinturas no ch\u00e3o. O evento de inaugura\u00e7\u00e3o ter\u00e1 o apoio das secretarias de Governo (SG); Esporte e Lazer (SEL); Seguran\u00e7a Urbana e Cidadania (SESUC); Sa\u00fade (SS); e Planejamento Urbano (SEPUR).<\/p>\n<p>&nbsp;<\/p>\n<p>Nesta quarta-feira, 24, a PJF promoveu um encontro com moradores do bairro Santo Ant\u00f4nio para apresentar o Rua de Brincar. Como conta a gerente da Secretaria de Governo que coordena o projeto, Ma\u00edres Barbosa, a popula\u00e7\u00e3o se empolgou com a iniciativa. \u201cTivemos uma troca muito positiva durante a nossa reuni\u00e3o, o que indica que estamos no caminho certo: dialogando com a comunidade e defendendo o direito de todos e todas utilizarem os espa\u00e7os p\u00fablicos. Os moradores receberam o projeto de bra\u00e7os abertos e ficaram empolgados com a ideia de resgatar brincadeiras e dar um novo significado \u00e0 Rua Oct\u00e1vio Corr\u00eaa Maia\u201d, afirma.<\/p>\n<p>&nbsp;<\/p>\n<p>O objetivo principal do Rua de Brincar \u00e9 o processo de transforma\u00e7\u00e3o das vias p\u00fablicas em espa\u00e7os de uso e lazer para a popula\u00e7\u00e3o. Promovido pelo Programa Boniteza, o projeto tamb\u00e9m incentiva a pr\u00e1tica de esporte, atividades educativas, brincadeiras e momentos de uni\u00e3o entre a comunidade da regi\u00e3o.<\/p>\n<p>&nbsp;<\/p>\n<p><strong>Programa Boniteza<\/strong><\/p>\n<p>&nbsp;<\/p>\n<p>Coordenado pela Secretaria de Governo (SG), o Programa Boniteza \u00e9 desenvolvido atrav\u00e9s de uma a\u00e7\u00e3o integrada entre Secretaria de Assist\u00eancia Social (SAS); Secretaria de Agricultura Pecu\u00e1ria e Abastecimento (Seapa); Companhia de Saneamento Municipal (Cesama); Secretaria de Comunica\u00e7\u00e3o Social (Secom); Departamento Municipal de Limpeza Urbana (Demlurb);\u00a0 Secretaria de Desenvolvimento Sustent\u00e1vel e Inclusivo, da Inova\u00e7\u00e3o e Competitividade (Sedic); Empresa Municipal de Pavimenta\u00e7\u00e3o e Urbanidades (Empav); Secretaria de Educa\u00e7\u00e3o (SE); Secretaria Especial de Direitos Humanos (SEDH); Secretaria de Esporte e Lazer (SEL); Funda\u00e7\u00e3o Cultural Alfredo Ferreira Lage (Funalfa); Secretaria da Fazenda (SF); Secretaria de Mobilidade Urbana (SMU); Secretaria de Obras (SO); Secretaria de Planejamento Urbano (Sepur); Secretaria de Planejamento do Territ\u00f3rio e Participa\u00e7\u00e3o Popular (Seppop); Secretaria de Sustentabilidade em Meio Ambiente e Atividades Urbanas (Sesmaur); Secretaria de Seguran\u00e7a Urbana e Cidadania (Sesuc); Secretaria de Sa\u00fade (SS); Secretaria de Turismo (Setur); e Secretaria de Transforma\u00e7\u00e3o Digital e Administrativa (STDA).<\/p>\n","protected":false},"excerpt":{"rendered":"<p>Segundo informa\u00e7\u00f5es do site da Prefeitura de Juiz de Fora (PJF), o projeto Rua de Brincar, organizado pela Prefeitura de Juiz de Fora (PJF), estreia na manh\u00e3 deste domingo, 28, no bairro Santo Ant\u00f4nio. O evento chega \u00e0 Rua Oct\u00e1vio Corr\u00eaa Maia\u00a0com o objetivo de transform\u00e1-la em um espa\u00e7o de lazer e aprendizado para crian\u00e7as, [&hellip;]<\/p>\n","protected":false},"author":246,"featured_media":203525,"comment_status":"closed","ping_status":"closed","sticky":false,"template":"","format":"standard","meta":{"footnotes":""},"categories":[253,436,439],"tags":[],"class_list":["post-203524","post","type-post","status-publish","format-standard","has-post-thumbnail","hentry","category-cidade","category-destaque-da-semana","category-ultima-hora"],"_links":{"self":[{"href":"https:\/\/diarioregionaldigital.com.br\/index.php?rest_route=\/wp\/v2\/posts\/203524","targetHints":{"allow":["GET"]}}],"collection":[{"href":"https:\/\/diarioregionaldigital.com.br\/index.php?rest_route=\/wp\/v2\/posts"}],"about":[{"href":"https:\/\/diarioregionaldigital.com.br\/index.php?rest_route=\/wp\/v2\/types\/post"}],"author":[{"embeddable":true,"href":"https:\/\/diarioregionaldigital.com.br\/index.php?rest_route=\/wp\/v2\/users\/246"}],"replies":[{"embeddable":true,"href":"https:\/\/diarioregionaldigital.com.br\/index.php?rest_route=%2Fwp%2Fv2%2Fcomments&post=203524"}],"version-history":[{"count":1,"href":"https:\/\/diarioregionaldigital.com.br\/index.php?rest_route=\/wp\/v2\/posts\/203524\/revisions"}],"predecessor-version":[{"id":203526,"href":"https:\/\/diarioregionaldigital.com.br\/index.php?rest_route=\/wp\/v2\/posts\/203524\/revisions\/203526"}],"wp:featuredmedia":[{"embeddable":true,"href":"https:\/\/diarioregionaldigital.com.br\/index.php?rest_route=\/wp\/v2\/media\/203525"}],"wp:attachment":[{"href":"https:\/\/diarioregionaldigital.com.br\/index.php?rest_route=%2Fwp%2Fv2%2Fmedia&parent=203524"}],"wp:term":[{"taxonomy":"category","embeddable":true,"href":"https:\/\/diarioregionaldigital.com.br\/index.php?rest_route=%2Fwp%2Fv2%2Fcategories&post=203524"},{"taxonomy":"post_tag","embeddable":true,"href":"https:\/\/diarioregionaldigital.com.br\/index.php?rest_route=%2Fwp%2Fv2%2Ftags&post=203524"}],"curies":[{"name":"wp","href":"https:\/\/api.w.org\/{rel}","templated":true}]}}