{"id":203521,"date":"2022-08-25T20:40:41","date_gmt":"2022-08-25T23:40:41","guid":{"rendered":"https:\/\/diarioregionaldigital.com.br\/?p=203521"},"modified":"2022-08-25T20:40:41","modified_gmt":"2022-08-25T23:40:41","slug":"transito-passa-por-interdicoes-para-realizacao-da-10a-meia-maratona-de-juiz-de-fora-no-domingo-28","status":"publish","type":"post","link":"https:\/\/diarioregionaldigital.com.br\/?p=203521","title":{"rendered":"Tr\u00e2nsito passa por interdi\u00e7\u00f5es para realiza\u00e7\u00e3o da 10\u00aa Meia Maratona de Juiz de Fora no domingo, 28"},"content":{"rendered":"<p>Segundo informa\u00e7\u00f5es do site da Prefeitura de Juiz de Fora (PJF), para a realiza\u00e7\u00e3o da 10\u00aa Meia Maratona de Juiz de Fora, 3\u00aa etapa do \u201c34\u00ba Ranking de Corridas de Rua\u201d, que acontece no pr\u00f3ximo domingo, 28, o tr\u00e2nsito na Regi\u00e3o Norte vai sofrer algumas interdi\u00e7\u00f5es parciais. A competi\u00e7\u00e3o ser\u00e1 iniciada \u00e0s 8h, com largada do estacionamento do Shopping Jardim Norte, na Avenida Brasil, 6.345. Os competidores ter\u00e3o op\u00e7\u00e3o de realizar tr\u00eas quilometragens, sendo essas: 3 km, 10 km e 21 km. Portanto, decorrente da utiliza\u00e7\u00e3o da via p\u00fablica para a prova, haver\u00e1 interdi\u00e7\u00e3o e desvios de tr\u00e2nsito no per\u00edodo entre 7h \u00e0s 13h.<\/p>\n<p>&nbsp;<\/p>\n<p>O percurso da caminhada de 3 km ser\u00e1 o seguinte: in\u00edcio no estacionamento do shopping Jardim Norte, faixa da direita da Av. Brasil, virando \u00e0 esquerda na Rua Jos\u00e9 Ara\u00fajo Braga, Av. Coronel Vidal, Rua Henrique Burnier e retornando ao estacionamento do shopping.<\/p>\n<p>&nbsp;<\/p>\n<p>O trajeto de 10 km partir\u00e1 do mesmo local (shopping), seguindo pela Av. Garcia Rodrigues Paes, retornando no Acesso Norte na altura da Rua Aurora Pereira das Neves, acessando a Rua Jos\u00e9 Ara\u00fajo Braga, Av. Coronel Vidal, Rua Henrique Burnier e voltando ao estacionamento do shopping.<\/p>\n<p>&nbsp;<\/p>\n<p>A corrida de 21 km tamb\u00e9m ter\u00e1 in\u00edcio na Av. Brasil (shopping), percorrendo a Av. Garcia Rodrigues Paes at\u00e9 a proximidade da Transportadora Ibor, retornando no Acesso Norte, Rua Coronel Vidal, Rua Henrique Burnier e encerrando no estacionamento do shopping.<\/p>\n<p>&nbsp;<\/p>\n<p>A faixa direita da Av. Brasil (\u00f4nibus) ficar\u00e1 interditada para o tr\u00e2nsito de ve\u00edculos durante a passagem dos competidores no sentido Centro X Zona Norte. Na regi\u00e3o do bairro Ponte Preta, o tr\u00e2nsito do Acesso Norte ser\u00e1 desviado para a Av. Juscelino Kubitschek. As demais ruas e avenidas ficar\u00e3o com o tr\u00e2nsito liberado em meia pista, por\u00e9m, \u00e9 aconselh\u00e1vel evitar a circula\u00e7\u00e3o no local.<\/p>\n","protected":false},"excerpt":{"rendered":"<p>Segundo informa\u00e7\u00f5es do site da Prefeitura de Juiz de Fora (PJF), para a realiza\u00e7\u00e3o da 10\u00aa Meia Maratona de Juiz de Fora, 3\u00aa etapa do \u201c34\u00ba Ranking de Corridas de Rua\u201d, que acontece no pr\u00f3ximo domingo, 28, o tr\u00e2nsito na Regi\u00e3o Norte vai sofrer algumas interdi\u00e7\u00f5es parciais. A competi\u00e7\u00e3o ser\u00e1 iniciada \u00e0s 8h, com largada [&hellip;]<\/p>\n","protected":false},"author":246,"featured_media":203522,"comment_status":"closed","ping_status":"closed","sticky":false,"template":"","format":"standard","meta":{"footnotes":""},"categories":[253,436,439],"tags":[],"class_list":["post-203521","post","type-post","status-publish","format-standard","has-post-thumbnail","hentry","category-cidade","category-destaque-da-semana","category-ultima-hora"],"_links":{"self":[{"href":"https:\/\/diarioregionaldigital.com.br\/index.php?rest_route=\/wp\/v2\/posts\/203521","targetHints":{"allow":["GET"]}}],"collection":[{"href":"https:\/\/diarioregionaldigital.com.br\/index.php?rest_route=\/wp\/v2\/posts"}],"about":[{"href":"https:\/\/diarioregionaldigital.com.br\/index.php?rest_route=\/wp\/v2\/types\/post"}],"author":[{"embeddable":true,"href":"https:\/\/diarioregionaldigital.com.br\/index.php?rest_route=\/wp\/v2\/users\/246"}],"replies":[{"embeddable":true,"href":"https:\/\/diarioregionaldigital.com.br\/index.php?rest_route=%2Fwp%2Fv2%2Fcomments&post=203521"}],"version-history":[{"count":1,"href":"https:\/\/diarioregionaldigital.com.br\/index.php?rest_route=\/wp\/v2\/posts\/203521\/revisions"}],"predecessor-version":[{"id":203523,"href":"https:\/\/diarioregionaldigital.com.br\/index.php?rest_route=\/wp\/v2\/posts\/203521\/revisions\/203523"}],"wp:featuredmedia":[{"embeddable":true,"href":"https:\/\/diarioregionaldigital.com.br\/index.php?rest_route=\/wp\/v2\/media\/203522"}],"wp:attachment":[{"href":"https:\/\/diarioregionaldigital.com.br\/index.php?rest_route=%2Fwp%2Fv2%2Fmedia&parent=203521"}],"wp:term":[{"taxonomy":"category","embeddable":true,"href":"https:\/\/diarioregionaldigital.com.br\/index.php?rest_route=%2Fwp%2Fv2%2Fcategories&post=203521"},{"taxonomy":"post_tag","embeddable":true,"href":"https:\/\/diarioregionaldigital.com.br\/index.php?rest_route=%2Fwp%2Fv2%2Ftags&post=203521"}],"curies":[{"name":"wp","href":"https:\/\/api.w.org\/{rel}","templated":true}]}}