{"id":203518,"date":"2022-08-25T20:37:25","date_gmt":"2022-08-25T23:37:25","guid":{"rendered":"https:\/\/diarioregionaldigital.com.br\/?p=203518"},"modified":"2022-08-25T20:37:25","modified_gmt":"2022-08-25T23:37:25","slug":"eventos-lgbtqiapn-atraem-quase-30-de-publico-de-outras-cidades","status":"publish","type":"post","link":"https:\/\/diarioregionaldigital.com.br\/?p=203518","title":{"rendered":"Eventos LGBTQIAPN+ atraem quase 30% de p\u00fablico de outras cidades"},"content":{"rendered":"<p>Segundo informa\u00e7\u00f5es do site da Prefeitura de Juiz de Fora (PJF), a\u00a0Prefeitura de Juiz de Fora (PJF) fez uma enquete com objetivo de identificar a origem dos turistas e coletar informa\u00e7\u00f5es referentes a transporte, gasto m\u00e9dio di\u00e1rio e avalia\u00e7\u00e3o das festas LGBTQIAPN+, cujo ponto alto foram a Rainbow Fest e o concurso Miss Brasil Gay. Ao todo, foram ouvidas 225 pessoas nos dias 19, 20 e 21 de agosto, durante dos eventos ocorridos no per\u00edodo.<\/p>\n<p>O perfil dos entrevistados correspondeu a 59,3% do p\u00fablico masculino, 37,6% feminino e 3,2% que n\u00e3o se identificam com os g\u00eaneros masculino e feminino. No que se refere \u00e0 faixa et\u00e1ria, 57,8% do p\u00fablico presente tinha de 18 a 30 anos, enquanto 31,8% de 31 a 50 anos e 10,3% acima de 50 anos.<\/p>\n<p>Em sua maioria, os participantes dos eventos eram de Juiz de Fora 71,2%. J\u00e1 28,8% do p\u00fablico ouvido pela enquete afirmaram residir em outros munic\u00edpios. Os mais citados foram Belo Horizonte, Rio de Janeiro, Angra dos Reis, Barra Mansa, Cabo Frio, Maca\u00e9, Nova Friburgo, Petr\u00f3polis, S\u00e3o Louren\u00e7o e Taubat\u00e9, entre outras cidades. Do p\u00fablico de outras cidades, 50,6% vieram para Juiz de Fora em ve\u00edculo pr\u00f3prio; 25,3% por transporte rodovi\u00e1rio, 4,6% por via a\u00e9rea e 19,5% n\u00e3o informaram o meio de transporte utilizado. Dos visitantes, metade optou por se hospedar em hot\u00e9is.<\/p>\n<p>O Rainbow Fest e o Miss Brasil Gay tiveram uma avalia\u00e7\u00e3o positiva do p\u00fablico. A hospitalidade de Juiz de Fora tamb\u00e9m foi bem avaliada. Os turistas evidenciaram o interesse em visitar posteriormente outros atrativos da cidade, como o Museu Mariano Proc\u00f3pio, Mercado Municipal, Morro do Cristo, Museu Ferrovi\u00e1rio e o Parque da Lajinha, al\u00e9m de bares, caf\u00e9s e restaurantes.<\/p>\n<p>Vale destacar que, durante a pandemia da Covid-19, esses eventos n\u00e3o foram realizados de forma presencial, o que gerou uma grande perda financeira para o munic\u00edpio. Depois de um hiato de dois anos, 2022 marcou a retomada da celebra\u00e7\u00e3o.<\/p>\n","protected":false},"excerpt":{"rendered":"<p>Segundo informa\u00e7\u00f5es do site da Prefeitura de Juiz de Fora (PJF), a\u00a0Prefeitura de Juiz de Fora (PJF) fez uma enquete com objetivo de identificar a origem dos turistas e coletar informa\u00e7\u00f5es referentes a transporte, gasto m\u00e9dio di\u00e1rio e avalia\u00e7\u00e3o das festas LGBTQIAPN+, cujo ponto alto foram a Rainbow Fest e o concurso Miss Brasil Gay. [&hellip;]<\/p>\n","protected":false},"author":246,"featured_media":203519,"comment_status":"closed","ping_status":"closed","sticky":false,"template":"","format":"standard","meta":{"footnotes":""},"categories":[253,436,440,439],"tags":[],"class_list":["post-203518","post","type-post","status-publish","format-standard","has-post-thumbnail","hentry","category-cidade","category-destaque-da-semana","category-destaques-do-dia","category-ultima-hora"],"_links":{"self":[{"href":"https:\/\/diarioregionaldigital.com.br\/index.php?rest_route=\/wp\/v2\/posts\/203518","targetHints":{"allow":["GET"]}}],"collection":[{"href":"https:\/\/diarioregionaldigital.com.br\/index.php?rest_route=\/wp\/v2\/posts"}],"about":[{"href":"https:\/\/diarioregionaldigital.com.br\/index.php?rest_route=\/wp\/v2\/types\/post"}],"author":[{"embeddable":true,"href":"https:\/\/diarioregionaldigital.com.br\/index.php?rest_route=\/wp\/v2\/users\/246"}],"replies":[{"embeddable":true,"href":"https:\/\/diarioregionaldigital.com.br\/index.php?rest_route=%2Fwp%2Fv2%2Fcomments&post=203518"}],"version-history":[{"count":1,"href":"https:\/\/diarioregionaldigital.com.br\/index.php?rest_route=\/wp\/v2\/posts\/203518\/revisions"}],"predecessor-version":[{"id":203520,"href":"https:\/\/diarioregionaldigital.com.br\/index.php?rest_route=\/wp\/v2\/posts\/203518\/revisions\/203520"}],"wp:featuredmedia":[{"embeddable":true,"href":"https:\/\/diarioregionaldigital.com.br\/index.php?rest_route=\/wp\/v2\/media\/203519"}],"wp:attachment":[{"href":"https:\/\/diarioregionaldigital.com.br\/index.php?rest_route=%2Fwp%2Fv2%2Fmedia&parent=203518"}],"wp:term":[{"taxonomy":"category","embeddable":true,"href":"https:\/\/diarioregionaldigital.com.br\/index.php?rest_route=%2Fwp%2Fv2%2Fcategories&post=203518"},{"taxonomy":"post_tag","embeddable":true,"href":"https:\/\/diarioregionaldigital.com.br\/index.php?rest_route=%2Fwp%2Fv2%2Ftags&post=203518"}],"curies":[{"name":"wp","href":"https:\/\/api.w.org\/{rel}","templated":true}]}}